{"id":12106,"date":"2024-06-25T14:42:40","date_gmt":"2024-06-25T12:42:40","guid":{"rendered":"https:\/\/agora.xtec.cat\/esc-teresabergada\/?p=12106"},"modified":"2024-06-25T14:43:25","modified_gmt":"2024-06-25T12:43:25","slug":"festa-final-de-curs","status":"publish","type":"post","link":"https:\/\/agora.xtec.cat\/esc-teresabergada\/portada\/festa-final-de-curs\/","title":{"rendered":"FESTA FINAL DE CURS"},"content":{"rendered":"<p>L&#8217;\u00faltim dia de classe ha estat espectacular!<\/p>\n<p style=\"text-align: justify;\">Per comen\u00e7ar, tota l&#8217;escola, alumnes i professors\/res van voler acomiadar-se de l&#8217;alumnat de sis\u00e8 amb el tema de Sexenni amb lletra versionada i ball&#8230; va ser una gran actuaci\u00f3!<\/p>\n<p>Despr\u00e9s, els alumnes m\u00e9s grans de l&#8217;escola van presentar el seu ball, una barreja de diverses can\u00e7ons significatives per a ells, preparat amb molta dedicaci\u00f3 durant els \u00faltims dies de classe.<\/p>\n<p style=\"text-align: justify;\">La festa va continuar, jugant a jocs d&#8217;aigua ben divertits organitzats i dinamitzats pel mestre Xavier i la mestra Mireia.<\/p>\n<p style=\"text-align: justify;\">Un bonic comiat a tots els alumnes que s\u00f3n i seran sempre ben especials. Bon viatge!!!<\/p>\n<p><img loading=\"lazy\" decoding=\"async\" class=\"aligncenter wp-image-12107\" src=\"https:\/\/agora.xtec.cat\/esc-teresabergada\/wp-content\/uploads\/usu1533\/2024\/06\/1718980732279-1024x680.jpg\" alt=\"\" width=\"457\" height=\"303\" srcset=\"https:\/\/agora.xtec.cat\/esc-teresabergada\/wp-content\/uploads\/usu1533\/2024\/06\/1718980732279-1024x680.jpg 1024w, https:\/\/agora.xtec.cat\/esc-teresabergada\/wp-content\/uploads\/usu1533\/2024\/06\/1718980732279-300x199.jpg 300w, https:\/\/agora.xtec.cat\/esc-teresabergada\/wp-content\/uploads\/usu1533\/2024\/06\/1718980732279-768x510.jpg 768w, https:\/\/agora.xtec.cat\/esc-teresabergada\/wp-content\/uploads\/usu1533\/2024\/06\/1718980732279-1536x1021.jpg 1536w, https:\/\/agora.xtec.cat\/esc-teresabergada\/wp-content\/uploads\/usu1533\/2024\/06\/1718980732279-2048x1361.jpg 2048w\" sizes=\"auto, (max-width: 457px) 100vw, 457px\" \/><\/p>\n","protected":false},"excerpt":{"rendered":"<p>L&#8217;\u00faltim dia de classe ha estat espectacular!<br \/>\nPer comen\u00e7ar, tota l&#8217;escola, alumnes i professors\/res van voler acomiadar-se de l&#8217;alumnat de sis\u00e8 amb el tema de Sexenni amb lletra versionada i ball&#8230; va ser una gran actuaci\u00f3!<br \/>\nDespr\u00e9s, els alumnes m\u00e9s grans de l&#8217;escola van presentar el seu&hellip;  <a href=\"https:\/\/agora.xtec.cat\/esc-teresabergada\/portada\/festa-final-de-curs\/\" title=\"Read FESTA FINAL DE CURS\">Llegeix m\u00e9s\u00bb<\/a><\/p>\n","protected":false},"author":68,"featured_media":12109,"comment_status":"open","ping_status":"closed","sticky":false,"template":"","format":"standard","meta":{"_bbp_topic_count":0,"_bbp_reply_count":0,"_bbp_total_topic_count":0,"_bbp_total_reply_count":0,"_bbp_voice_count":0,"_bbp_anonymous_reply_count":0,"_bbp_topic_count_hidden":0,"_bbp_reply_count_hidden":0,"_bbp_forum_subforum_count":0,"footnotes":""},"categories":[4],"tags":[],"class_list":["post-12106","post","type-post","status-publish","format-standard","has-post-thumbnail","hentry","category-portada"],"post_mailing_queue_ids":[],"_links":{"self":[{"href":"https:\/\/agora.xtec.cat\/esc-teresabergada\/wp-json\/wp\/v2\/posts\/12106","targetHints":{"allow":["GET"]}}],"collection":[{"href":"https:\/\/agora.xtec.cat\/esc-teresabergada\/wp-json\/wp\/v2\/posts"}],"about":[{"href":"https:\/\/agora.xtec.cat\/esc-teresabergada\/wp-json\/wp\/v2\/types\/post"}],"author":[{"embeddable":true,"href":"https:\/\/agora.xtec.cat\/esc-teresabergada\/wp-json\/wp\/v2\/users\/68"}],"replies":[{"embeddable":true,"href":"https:\/\/agora.xtec.cat\/esc-teresabergada\/wp-json\/wp\/v2\/comments?post=12106"}],"version-history":[{"count":1,"href":"https:\/\/agora.xtec.cat\/esc-teresabergada\/wp-json\/wp\/v2\/posts\/12106\/revisions"}],"predecessor-version":[{"id":12108,"href":"https:\/\/agora.xtec.cat\/esc-teresabergada\/wp-json\/wp\/v2\/posts\/12106\/revisions\/12108"}],"wp:featuredmedia":[{"embeddable":true,"href":"https:\/\/agora.xtec.cat\/esc-teresabergada\/wp-json\/wp\/v2\/media\/12109"}],"wp:attachment":[{"href":"https:\/\/agora.xtec.cat\/esc-teresabergada\/wp-json\/wp\/v2\/media?parent=12106"}],"wp:term":[{"taxonomy":"category","embeddable":true,"href":"https:\/\/agora.xtec.cat\/esc-teresabergada\/wp-json\/wp\/v2\/categories?post=12106"},{"taxonomy":"post_tag","embeddable":true,"href":"https:\/\/agora.xtec.cat\/esc-teresabergada\/wp-json\/wp\/v2\/tags?post=12106"}],"curies":[{"name":"wp","href":"https:\/\/api.w.org\/{rel}","templated":true}]}}