{"id":12102,"date":"2024-06-01T22:42:28","date_gmt":"2024-06-01T20:42:28","guid":{"rendered":"https:\/\/agora.xtec.cat\/esc-teresabergada\/?p=12102"},"modified":"2024-06-01T22:42:28","modified_gmt":"2024-06-01T20:42:28","slug":"colonies-a-les-obagues","status":"publish","type":"post","link":"https:\/\/agora.xtec.cat\/esc-teresabergada\/infantil\/colonies-a-les-obagues\/","title":{"rendered":"COL\u00d2NIES A LES OBAGUES"},"content":{"rendered":"<p>Les Col\u00f2nies a Educaci\u00f3 Infantil s\u00f3n les m\u00e9s noves de l&#8217;escola per\u00f2 comencen a tenir for\u00e7a participaci\u00f3. L&#8217;equip de mestres d&#8217;Infantil estem molt satisfetes de l&#8217;\u00e8xit i l&#8217;aprofitament per part de tots els implicats. Enguany hem anat a Les Obagues, una granja escola a Juneda, que disposa d&#8217;una casa i un entorn immillorables.<\/p>\n<p>La descoberta inicial va ser molt ben rebuda per part dels nens i les nenes. L&#8217;estona d&#8217;esbarjo a l&#8217;espai de joc de natura situat en una impressionant arbreda, va ser molt gratificant. Els tallers, Forn de pa i\u00a0 Granja, els vam distribuir en dos dies i els grups van ser intercicle.<\/p>\n<p>El taller del Forn de pa on van descobrir com es fa el pa, fent-lo al forn de llenya i menjant-lo als diferents \u00e0pats. El taller de La granja, on van con\u00e9ixer quins animals hi ha, com viuen i qu\u00e8 mengen. Tamb\u00e9 van tenir l&#8217;oportunitat de munyir una vaca, donar menjar als animals, plegar els ous de les gallines i veure els ous i pollets d&#8217;una incubadora. En resum, una gran experi\u00e8ncia que repetirem.<\/p>\n<p><a href=\"https:\/\/agora.xtec.cat\/esc-teresabergada\/wp-content\/uploads\/usu1533\/2024\/06\/fotos-colonies-2.jpg\"><img loading=\"lazy\" decoding=\"async\" class=\"wp-image-12103 aligncenter\" src=\"https:\/\/agora.xtec.cat\/esc-teresabergada\/wp-content\/uploads\/usu1533\/2024\/06\/fotos-colonies-2-1024x768.jpg\" alt=\"\" width=\"598\" height=\"449\" srcset=\"https:\/\/agora.xtec.cat\/esc-teresabergada\/wp-content\/uploads\/usu1533\/2024\/06\/fotos-colonies-2-1024x768.jpg 1024w, https:\/\/agora.xtec.cat\/esc-teresabergada\/wp-content\/uploads\/usu1533\/2024\/06\/fotos-colonies-2-300x225.jpg 300w, https:\/\/agora.xtec.cat\/esc-teresabergada\/wp-content\/uploads\/usu1533\/2024\/06\/fotos-colonies-2-768x576.jpg 768w, https:\/\/agora.xtec.cat\/esc-teresabergada\/wp-content\/uploads\/usu1533\/2024\/06\/fotos-colonies-2-1536x1152.jpg 1536w, https:\/\/agora.xtec.cat\/esc-teresabergada\/wp-content\/uploads\/usu1533\/2024\/06\/fotos-colonies-2-200x150.jpg 200w, https:\/\/agora.xtec.cat\/esc-teresabergada\/wp-content\/uploads\/usu1533\/2024\/06\/fotos-colonies-2.jpg 2048w\" sizes=\"auto, (max-width: 598px) 100vw, 598px\" \/><\/a><\/p>\n<p>&nbsp;<\/p>\n","protected":false},"excerpt":{"rendered":"<p>Les Col\u00f2nies a Educaci\u00f3 Infantil s\u00f3n les m\u00e9s noves de l&#8217;escola per\u00f2 comencen a tenir for\u00e7a participaci\u00f3. L&#8217;equip de mestres d&#8217;Infantil estem molt satisfetes de l&#8217;\u00e8xit i l&#8217;aprofitament per part de tots els implicats. Enguany hem anat a Les Obagues, una granja escola a Juneda,&hellip;  <a href=\"https:\/\/agora.xtec.cat\/esc-teresabergada\/infantil\/colonies-a-les-obagues\/\" title=\"Read COL\u00d2NIES A LES OBAGUES\">Llegeix m\u00e9s\u00bb<\/a><\/p>\n","protected":false},"author":12,"featured_media":0,"comment_status":"open","ping_status":"closed","sticky":false,"template":"","format":"standard","meta":{"_bbp_topic_count":0,"_bbp_reply_count":0,"_bbp_total_topic_count":0,"_bbp_total_reply_count":0,"_bbp_voice_count":0,"_bbp_anonymous_reply_count":0,"_bbp_topic_count_hidden":0,"_bbp_reply_count_hidden":0,"_bbp_forum_subforum_count":0,"footnotes":""},"categories":[515,236,251,2],"tags":[411,121],"class_list":["post-12102","post","type-post","status-publish","format-standard","hentry","category-i3","category-i4","category-i5","category-infantil","tag-colonies","tag-educacio-infantil"],"post_mailing_queue_ids":[],"_links":{"self":[{"href":"https:\/\/agora.xtec.cat\/esc-teresabergada\/wp-json\/wp\/v2\/posts\/12102","targetHints":{"allow":["GET"]}}],"collection":[{"href":"https:\/\/agora.xtec.cat\/esc-teresabergada\/wp-json\/wp\/v2\/posts"}],"about":[{"href":"https:\/\/agora.xtec.cat\/esc-teresabergada\/wp-json\/wp\/v2\/types\/post"}],"author":[{"embeddable":true,"href":"https:\/\/agora.xtec.cat\/esc-teresabergada\/wp-json\/wp\/v2\/users\/12"}],"replies":[{"embeddable":true,"href":"https:\/\/agora.xtec.cat\/esc-teresabergada\/wp-json\/wp\/v2\/comments?post=12102"}],"version-history":[{"count":1,"href":"https:\/\/agora.xtec.cat\/esc-teresabergada\/wp-json\/wp\/v2\/posts\/12102\/revisions"}],"predecessor-version":[{"id":12104,"href":"https:\/\/agora.xtec.cat\/esc-teresabergada\/wp-json\/wp\/v2\/posts\/12102\/revisions\/12104"}],"wp:attachment":[{"href":"https:\/\/agora.xtec.cat\/esc-teresabergada\/wp-json\/wp\/v2\/media?parent=12102"}],"wp:term":[{"taxonomy":"category","embeddable":true,"href":"https:\/\/agora.xtec.cat\/esc-teresabergada\/wp-json\/wp\/v2\/categories?post=12102"},{"taxonomy":"post_tag","embeddable":true,"href":"https:\/\/agora.xtec.cat\/esc-teresabergada\/wp-json\/wp\/v2\/tags?post=12102"}],"curies":[{"name":"wp","href":"https:\/\/api.w.org\/{rel}","templated":true}]}}