{"id":12096,"date":"2024-05-31T12:25:11","date_gmt":"2024-05-31T10:25:11","guid":{"rendered":"https:\/\/agora.xtec.cat\/esc-teresabergada\/?p=12096"},"modified":"2024-09-04T09:57:59","modified_gmt":"2024-09-04T07:57:59","slug":"la-clika","status":"publish","type":"post","link":"https:\/\/agora.xtec.cat\/esc-teresabergada\/general\/la-clika\/","title":{"rendered":"La Clika"},"content":{"rendered":"<p>El dijous 30 de maig, els nens i nenes de 2n curs de l\u2019escola hem participat per primera vegada a LA CLIKA. La Clika \u00e9s una cantata impulsada per Les Cases de la M\u00fasica amb l&#8217;objectiu de fomentar l\u2019afici\u00f3 per la m\u00fasica, apropar les arts esc\u00e8niques a les escoles i promoure valors universals com la solidaritat, la comunitat i la diversitat.<\/p>\n<p>La cantata es compon d\u2019onze can\u00e7ons creades per membres dels grups Xiula, Gertrudis i XerrameQ, que aborden temes com l\u2019autoestima, l\u2019amistat, l\u2019ecologisme, la igualtat de g\u00e8nere i la cooperaci\u00f3. El Roc, la Mel, la Shui, l\u2019Aran, el Tom\u00e0s, la Reel, el Massin, la Lola, l\u2019Aissatou i la Neu s\u00f3n els personatges de La Clika que ens han acompanyat i ens han ensenyat moltes coses al llarg del curs.<\/p>\n<p>El nostre espectacle final ha tingut lloc a Cervera, on ens hem reunit diferents escoles per cantar amb la banda de La Clika en directe. Fam\u00edlies, professorat i els mateixos infants hem gaudit molt de l\u2019espectacle.<\/p>\n","protected":false},"excerpt":{"rendered":"<p>El dijous 30 de maig, els nens i nenes de 2n curs de l\u2019escola hem participat per primera vegada a LA CLIKA. La Clika \u00e9s una cantata impulsada per Les Cases de la M\u00fasica amb l&#8217;objectiu de fomentar l\u2019afici\u00f3 per la m\u00fasica, apropar les arts&hellip;  <a href=\"https:\/\/agora.xtec.cat\/esc-teresabergada\/general\/la-clika\/\" title=\"Read La Clika\">Llegeix m\u00e9s\u00bb<\/a><\/p>\n","protected":false},"author":60,"featured_media":12097,"comment_status":"open","ping_status":"closed","sticky":false,"template":"","format":"standard","meta":{"_bbp_topic_count":0,"_bbp_reply_count":0,"_bbp_total_topic_count":0,"_bbp_total_reply_count":0,"_bbp_voice_count":0,"_bbp_anonymous_reply_count":0,"_bbp_topic_count_hidden":0,"_bbp_reply_count_hidden":0,"_bbp_forum_subforum_count":0,"footnotes":""},"categories":[153,1,104,4],"tags":[],"class_list":["post-12096","post","type-post","status-publish","format-standard","has-post-thumbnail","hentry","category-2n","category-general","category-musica","category-portada"],"post_mailing_queue_ids":[],"_links":{"self":[{"href":"https:\/\/agora.xtec.cat\/esc-teresabergada\/wp-json\/wp\/v2\/posts\/12096","targetHints":{"allow":["GET"]}}],"collection":[{"href":"https:\/\/agora.xtec.cat\/esc-teresabergada\/wp-json\/wp\/v2\/posts"}],"about":[{"href":"https:\/\/agora.xtec.cat\/esc-teresabergada\/wp-json\/wp\/v2\/types\/post"}],"author":[{"embeddable":true,"href":"https:\/\/agora.xtec.cat\/esc-teresabergada\/wp-json\/wp\/v2\/users\/60"}],"replies":[{"embeddable":true,"href":"https:\/\/agora.xtec.cat\/esc-teresabergada\/wp-json\/wp\/v2\/comments?post=12096"}],"version-history":[{"count":1,"href":"https:\/\/agora.xtec.cat\/esc-teresabergada\/wp-json\/wp\/v2\/posts\/12096\/revisions"}],"predecessor-version":[{"id":12098,"href":"https:\/\/agora.xtec.cat\/esc-teresabergada\/wp-json\/wp\/v2\/posts\/12096\/revisions\/12098"}],"wp:featuredmedia":[{"embeddable":true,"href":"https:\/\/agora.xtec.cat\/esc-teresabergada\/wp-json\/wp\/v2\/media\/12097"}],"wp:attachment":[{"href":"https:\/\/agora.xtec.cat\/esc-teresabergada\/wp-json\/wp\/v2\/media?parent=12096"}],"wp:term":[{"taxonomy":"category","embeddable":true,"href":"https:\/\/agora.xtec.cat\/esc-teresabergada\/wp-json\/wp\/v2\/categories?post=12096"},{"taxonomy":"post_tag","embeddable":true,"href":"https:\/\/agora.xtec.cat\/esc-teresabergada\/wp-json\/wp\/v2\/tags?post=12096"}],"curies":[{"name":"wp","href":"https:\/\/api.w.org\/{rel}","templated":true}]}}