{"id":12085,"date":"2024-05-23T18:12:52","date_gmt":"2024-05-23T16:12:52","guid":{"rendered":"https:\/\/agora.xtec.cat\/esc-teresabergada\/?p=12085"},"modified":"2024-05-23T18:19:32","modified_gmt":"2024-05-23T16:19:32","slug":"colonies-coma-ruga","status":"publish","type":"post","link":"https:\/\/agora.xtec.cat\/esc-teresabergada\/blocs-de-primaria\/3r\/colonies-coma-ruga\/","title":{"rendered":"Col\u00f2nies Coma-Ruga"},"content":{"rendered":"<div dir=\"auto\">Aquest 21 i 22 de maig els nens i nenes de 3r i 4t de prim\u00e0ria hem anat de col\u00f2nies a Coma-ruga on hem gaudit de dos dies fant\u00e0stics plens d&#8217;activitats.<\/div>\n<div dir=\"auto\"><\/div>\n<div dir=\"auto\"><\/div>\n<div dir=\"auto\">El primer dia, hem anat d&#8217;excursi\u00f3 al riuet de Coma-Ruga, un riu que desemboca a la platja i \u00e9s conegut per les seves aig\u00fces tranquil\u00b7les i cristal\u00b7lines. Hem descobert que aquest conegut riu est\u00e0 gaireb\u00e9 10 graus m\u00e9s fred que la temperatura del mar i , per aix\u00f2, \u00e9s un dels llocs preferits pels banyistes a l&#8217;estiu. Un cop all\u00e0, hem explorat\u00a0 l&#8217;entorn natural, observat la flora i la fauna local, i per \u00faltim, hem gaudit\u00a0 d&#8217;un refrescant bany. A la nit , hem continuat l&#8217;aventura amb un joc d&#8217;orientaci\u00f3 pel poble de Coma-Ruga. Hem carregat els lots, els mapes i, per equips, hem seguit les pistes que ens han portat a descobrir diferents racons del poble.<\/div>\n<div dir=\"auto\"><\/div>\n<div dir=\"auto\"><\/div>\n<div dir=\"auto\">L&#8217;\u00faltim dia hem continuat amb m\u00e9s diversi\u00f3 fent activitats i jocs a la platja. Despr\u00e9s, hem completat el mat\u00ed amb una emocionant experi\u00e8ncia al parc acrob\u00e0tic on hem recorregut els ponts, les passarel\u00b7les i les xarxes d&#8217;aquest parc situat enmig de la natura, utilitzant cordes i tirolines. Ha estat una aventura que ens ha posat a prova i ens ha perm\u00e8s gaudir al m\u00e0xim de la natura i l&#8217;aire lliure.<\/div>\n","protected":false},"excerpt":{"rendered":"<p>Aquest 21 i 22 de maig els nens i nenes de 3r i 4t de prim\u00e0ria hem anat de col\u00f2nies a Coma-ruga on hem gaudit de dos dies fant\u00e0stics plens d&#8217;activitats.<\/p>\n<p>El primer dia, hem anat d&#8217;excursi\u00f3 al riuet de Coma-Ruga, un riu que desemboca a&hellip;  <a href=\"https:\/\/agora.xtec.cat\/esc-teresabergada\/blocs-de-primaria\/3r\/colonies-coma-ruga\/\" title=\"Read Col\u00f2nies Coma-Ruga\">Llegeix m\u00e9s\u00bb<\/a><\/p>\n","protected":false},"author":60,"featured_media":12088,"comment_status":"open","ping_status":"closed","sticky":false,"template":"","format":"standard","meta":{"_bbp_topic_count":0,"_bbp_reply_count":0,"_bbp_total_topic_count":0,"_bbp_total_reply_count":0,"_bbp_voice_count":0,"_bbp_anonymous_reply_count":0,"_bbp_topic_count_hidden":0,"_bbp_reply_count_hidden":0,"_bbp_forum_subforum_count":0,"footnotes":""},"categories":[238,250],"tags":[],"class_list":["post-12085","post","type-post","status-publish","format-standard","has-post-thumbnail","hentry","category-3r","category-4t"],"post_mailing_queue_ids":[],"_links":{"self":[{"href":"https:\/\/agora.xtec.cat\/esc-teresabergada\/wp-json\/wp\/v2\/posts\/12085","targetHints":{"allow":["GET"]}}],"collection":[{"href":"https:\/\/agora.xtec.cat\/esc-teresabergada\/wp-json\/wp\/v2\/posts"}],"about":[{"href":"https:\/\/agora.xtec.cat\/esc-teresabergada\/wp-json\/wp\/v2\/types\/post"}],"author":[{"embeddable":true,"href":"https:\/\/agora.xtec.cat\/esc-teresabergada\/wp-json\/wp\/v2\/users\/60"}],"replies":[{"embeddable":true,"href":"https:\/\/agora.xtec.cat\/esc-teresabergada\/wp-json\/wp\/v2\/comments?post=12085"}],"version-history":[{"count":2,"href":"https:\/\/agora.xtec.cat\/esc-teresabergada\/wp-json\/wp\/v2\/posts\/12085\/revisions"}],"predecessor-version":[{"id":12089,"href":"https:\/\/agora.xtec.cat\/esc-teresabergada\/wp-json\/wp\/v2\/posts\/12085\/revisions\/12089"}],"wp:featuredmedia":[{"embeddable":true,"href":"https:\/\/agora.xtec.cat\/esc-teresabergada\/wp-json\/wp\/v2\/media\/12088"}],"wp:attachment":[{"href":"https:\/\/agora.xtec.cat\/esc-teresabergada\/wp-json\/wp\/v2\/media?parent=12085"}],"wp:term":[{"taxonomy":"category","embeddable":true,"href":"https:\/\/agora.xtec.cat\/esc-teresabergada\/wp-json\/wp\/v2\/categories?post=12085"},{"taxonomy":"post_tag","embeddable":true,"href":"https:\/\/agora.xtec.cat\/esc-teresabergada\/wp-json\/wp\/v2\/tags?post=12085"}],"curies":[{"name":"wp","href":"https:\/\/api.w.org\/{rel}","templated":true}]}}