{"id":12077,"date":"2024-05-17T09:43:55","date_gmt":"2024-05-17T07:43:55","guid":{"rendered":"https:\/\/agora.xtec.cat\/esc-teresabergada\/?p=12077"},"modified":"2024-09-04T09:58:20","modified_gmt":"2024-09-04T07:58:20","slug":"cantania-el-naufragi-2","status":"publish","type":"post","link":"https:\/\/agora.xtec.cat\/esc-teresabergada\/general\/cantania-el-naufragi-2\/","title":{"rendered":"Cant\u00e0nia &#8220;El naufragi&#8221;"},"content":{"rendered":"<p>Un any m\u00e9s, els alumnes de 4t de l&#8217;escola hem\u00a0 pujat a l&#8217;escenari juntament amb 20 escoles m\u00e9s per interpretar, acompanyats d&#8217;altres artistes, &#8220;El Naufragi!&#8221;, la cantata d&#8217;aquesta edici\u00f3 de Cant\u00e0nia, amb la composici\u00f3 musical del Marc Tim\u00f2n i text de Jair Dom\u00ednguez.<\/p>\n<p>El naufragi ens presenta un grup d&#8217;alumnes que es disposa a fer el viatge de final de curs en un immens i lux\u00f3s creuer.\u00a0 Els dos protagonistes de l&#8217;obra, el Biel i la Martina, tenen visions oposades sobre la manera de viatjar: ell opina que el vaixell es una m\u00e0quina de contaminar, la Martina, en canvi, creu que s\u00f3n joves i han de viure el moment. Aquestes dos maneres de veure la vida xocaran encara m\u00e9s en el moment que el vaixell naufraga i els estudiants arriben a una illa deserta. All\u00ed, hauran de buscar-se la vida per sobreviure.<\/p>\n<p>Ens ho hem passat molt b\u00e9 i acomiadem aquesta etapa amb felicitat, per\u00f2 tamb\u00e9 amb certa nost\u00e0lgia pel fet que hagi arribat a la seva fi. Ha estat un viatge incre\u00efble, ple d&#8217;aprenentatges i moments \u00fanics.<\/p>\n","protected":false},"excerpt":{"rendered":"<p>Un any m\u00e9s, els alumnes de 4t de l&#8217;escola hem\u00a0 pujat a l&#8217;escenari juntament amb 20 escoles m\u00e9s per interpretar, acompanyats d&#8217;altres artistes, &#8220;El Naufragi!&#8221;, la cantata d&#8217;aquesta edici\u00f3 de Cant\u00e0nia, amb la composici\u00f3 musical del Marc Tim\u00f2n i text de Jair Dom\u00ednguez.<br \/>\nEl naufragi ens&hellip;  <a href=\"https:\/\/agora.xtec.cat\/esc-teresabergada\/general\/cantania-el-naufragi-2\/\" title=\"Read Cant\u00e0nia &#8220;El naufragi&#8221;\">Llegeix m\u00e9s\u00bb<\/a><\/p>\n","protected":false},"author":60,"featured_media":12078,"comment_status":"open","ping_status":"closed","sticky":false,"template":"","format":"standard","meta":{"_bbp_topic_count":0,"_bbp_reply_count":0,"_bbp_total_topic_count":0,"_bbp_total_reply_count":0,"_bbp_voice_count":0,"_bbp_anonymous_reply_count":0,"_bbp_topic_count_hidden":0,"_bbp_reply_count_hidden":0,"_bbp_forum_subforum_count":0,"footnotes":""},"categories":[250,1,104,4],"tags":[],"class_list":["post-12077","post","type-post","status-publish","format-standard","has-post-thumbnail","hentry","category-4t","category-general","category-musica","category-portada"],"post_mailing_queue_ids":[],"_links":{"self":[{"href":"https:\/\/agora.xtec.cat\/esc-teresabergada\/wp-json\/wp\/v2\/posts\/12077","targetHints":{"allow":["GET"]}}],"collection":[{"href":"https:\/\/agora.xtec.cat\/esc-teresabergada\/wp-json\/wp\/v2\/posts"}],"about":[{"href":"https:\/\/agora.xtec.cat\/esc-teresabergada\/wp-json\/wp\/v2\/types\/post"}],"author":[{"embeddable":true,"href":"https:\/\/agora.xtec.cat\/esc-teresabergada\/wp-json\/wp\/v2\/users\/60"}],"replies":[{"embeddable":true,"href":"https:\/\/agora.xtec.cat\/esc-teresabergada\/wp-json\/wp\/v2\/comments?post=12077"}],"version-history":[{"count":1,"href":"https:\/\/agora.xtec.cat\/esc-teresabergada\/wp-json\/wp\/v2\/posts\/12077\/revisions"}],"predecessor-version":[{"id":12079,"href":"https:\/\/agora.xtec.cat\/esc-teresabergada\/wp-json\/wp\/v2\/posts\/12077\/revisions\/12079"}],"wp:featuredmedia":[{"embeddable":true,"href":"https:\/\/agora.xtec.cat\/esc-teresabergada\/wp-json\/wp\/v2\/media\/12078"}],"wp:attachment":[{"href":"https:\/\/agora.xtec.cat\/esc-teresabergada\/wp-json\/wp\/v2\/media?parent=12077"}],"wp:term":[{"taxonomy":"category","embeddable":true,"href":"https:\/\/agora.xtec.cat\/esc-teresabergada\/wp-json\/wp\/v2\/categories?post=12077"},{"taxonomy":"post_tag","embeddable":true,"href":"https:\/\/agora.xtec.cat\/esc-teresabergada\/wp-json\/wp\/v2\/tags?post=12077"}],"curies":[{"name":"wp","href":"https:\/\/api.w.org\/{rel}","templated":true}]}}