{"id":12061,"date":"2024-05-06T14:47:35","date_gmt":"2024-05-06T12:47:35","guid":{"rendered":"https:\/\/agora.xtec.cat\/esc-teresabergada\/?p=12061"},"modified":"2024-05-07T00:00:57","modified_gmt":"2024-05-06T22:00:57","slug":"trobada-amb-padrins-i4","status":"publish","type":"post","link":"https:\/\/agora.xtec.cat\/esc-teresabergada\/infantil\/i4\/trobada-amb-padrins-i4\/","title":{"rendered":"Trobada amb padrins I4"},"content":{"rendered":"<p><a href=\"https:\/\/agora.xtec.cat\/esc-teresabergada\/wp-content\/uploads\/usu1533\/2024\/05\/Tarjeta-Horizontal-Gracias-por-tu-Compra-Minimalista-Beige-1.jpg\"><img loading=\"lazy\" decoding=\"async\" class=\"alignnone wp-image-12062\" src=\"https:\/\/agora.xtec.cat\/esc-teresabergada\/wp-content\/uploads\/usu1533\/2024\/05\/Tarjeta-Horizontal-Gracias-por-tu-Compra-Minimalista-Beige-1-1024x726.jpg\" alt=\"\" width=\"440\" height=\"312\" srcset=\"https:\/\/agora.xtec.cat\/esc-teresabergada\/wp-content\/uploads\/usu1533\/2024\/05\/Tarjeta-Horizontal-Gracias-por-tu-Compra-Minimalista-Beige-1-1024x726.jpg 1024w, https:\/\/agora.xtec.cat\/esc-teresabergada\/wp-content\/uploads\/usu1533\/2024\/05\/Tarjeta-Horizontal-Gracias-por-tu-Compra-Minimalista-Beige-1-300x213.jpg 300w, https:\/\/agora.xtec.cat\/esc-teresabergada\/wp-content\/uploads\/usu1533\/2024\/05\/Tarjeta-Horizontal-Gracias-por-tu-Compra-Minimalista-Beige-1-768x545.jpg 768w, https:\/\/agora.xtec.cat\/esc-teresabergada\/wp-content\/uploads\/usu1533\/2024\/05\/Tarjeta-Horizontal-Gracias-por-tu-Compra-Minimalista-Beige-1-1536x1089.jpg 1536w, https:\/\/agora.xtec.cat\/esc-teresabergada\/wp-content\/uploads\/usu1533\/2024\/05\/Tarjeta-Horizontal-Gracias-por-tu-Compra-Minimalista-Beige-1.jpg 1967w\" sizes=\"auto, (max-width: 440px) 100vw, 440px\" \/><\/a><\/p>\n<p>El primer dijous de maig vam portar a terme una trobada amb els padrins i padrines dels nens i nenes d&#8217;I4. Els vam invitar com a experts en el pas del temps. A I4 estem treballant el pas del temps com a projecte, a partir de les exposicions de les L\u00ednies de la vida de cada alumne. Vam preparar unes preguntes que, el dia de la Trobada,\u00a0 vam exposar. Les respostes ens van aclarir molts dubtes i tamb\u00e9 les diferents explicacions. Un padr\u00ed ens va mostrar dues fotografies antigues i molt representatives del temps d&#8217;infantesa. Els nens i les nenes d&#8217;I4 us donem les gr\u00e0cies i una forta abra\u00e7ada a tots els padrins, padrines, abuelos, abuelas, iaies, iaios, avis i \u00e0vies que tant us estimem.<\/p>\n","protected":false},"excerpt":{"rendered":"<p><a href=\"https:\/\/agora.xtec.cat\/esc-teresabergada\/wp-content\/uploads\/usu1533\/2024\/05\/Tarjeta-Horizontal-Gracias-por-tu-Compra-Minimalista-Beige-1.jpg\"><\/a><br \/>\nEl primer dijous de maig vam portar a terme una trobada amb els padrins i padrines dels nens i nenes d&#8217;I4. Els vam invitar com a experts en el pas del temps. A I4 estem treballant el pas del temps com a projecte, a&hellip;  <a href=\"https:\/\/agora.xtec.cat\/esc-teresabergada\/infantil\/i4\/trobada-amb-padrins-i4\/\" title=\"Read Trobada amb padrins I4\">Llegeix m\u00e9s\u00bb<\/a><\/p>\n","protected":false},"author":12,"featured_media":0,"comment_status":"open","ping_status":"closed","sticky":false,"template":"","format":"standard","meta":{"_bbp_topic_count":0,"_bbp_reply_count":0,"_bbp_total_topic_count":0,"_bbp_total_reply_count":0,"_bbp_voice_count":0,"_bbp_anonymous_reply_count":0,"_bbp_topic_count_hidden":0,"_bbp_reply_count_hidden":0,"_bbp_forum_subforum_count":0,"footnotes":""},"categories":[236],"tags":[121,649],"class_list":["post-12061","post","type-post","status-publish","format-standard","hentry","category-i4","tag-educacio-infantil","tag-i4"],"post_mailing_queue_ids":[],"_links":{"self":[{"href":"https:\/\/agora.xtec.cat\/esc-teresabergada\/wp-json\/wp\/v2\/posts\/12061","targetHints":{"allow":["GET"]}}],"collection":[{"href":"https:\/\/agora.xtec.cat\/esc-teresabergada\/wp-json\/wp\/v2\/posts"}],"about":[{"href":"https:\/\/agora.xtec.cat\/esc-teresabergada\/wp-json\/wp\/v2\/types\/post"}],"author":[{"embeddable":true,"href":"https:\/\/agora.xtec.cat\/esc-teresabergada\/wp-json\/wp\/v2\/users\/12"}],"replies":[{"embeddable":true,"href":"https:\/\/agora.xtec.cat\/esc-teresabergada\/wp-json\/wp\/v2\/comments?post=12061"}],"version-history":[{"count":5,"href":"https:\/\/agora.xtec.cat\/esc-teresabergada\/wp-json\/wp\/v2\/posts\/12061\/revisions"}],"predecessor-version":[{"id":12067,"href":"https:\/\/agora.xtec.cat\/esc-teresabergada\/wp-json\/wp\/v2\/posts\/12061\/revisions\/12067"}],"wp:attachment":[{"href":"https:\/\/agora.xtec.cat\/esc-teresabergada\/wp-json\/wp\/v2\/media?parent=12061"}],"wp:term":[{"taxonomy":"category","embeddable":true,"href":"https:\/\/agora.xtec.cat\/esc-teresabergada\/wp-json\/wp\/v2\/categories?post=12061"},{"taxonomy":"post_tag","embeddable":true,"href":"https:\/\/agora.xtec.cat\/esc-teresabergada\/wp-json\/wp\/v2\/tags?post=12061"}],"curies":[{"name":"wp","href":"https:\/\/api.w.org\/{rel}","templated":true}]}}