{"id":12019,"date":"2024-04-24T09:46:02","date_gmt":"2024-04-24T07:46:02","guid":{"rendered":"https:\/\/agora.xtec.cat\/esc-teresabergada\/?p=12019"},"modified":"2024-04-24T09:49:50","modified_gmt":"2024-04-24T07:49:50","slug":"castell-de-montsonis-2","status":"publish","type":"post","link":"https:\/\/agora.xtec.cat\/esc-teresabergada\/blocs-de-primaria\/3r\/castell-de-montsonis-2\/","title":{"rendered":"Castell de Montson\u00eds"},"content":{"rendered":"<p>La visita al Castell de Montson\u00eds \u00e9s una part integrant del nostre projecte que aborda el llarg cam\u00ed que va des de la Prehist\u00f2ria fins a l&#8217;Edat Mitjana.<\/p>\n<p>La nostra experi\u00e8ncia al Castell de Montson\u00eds ha estat una experi\u00e8ncia m\u00e0gica, una oportunitat per imaginar-nos com era la vida en un castell medieval. Hem descobert \u00a0detalls fascinants, els costums quotidians de la gent d&#8217;aquella \u00e8poca i les seves sorprenents a la vegada que diferents tradicions.<\/p>\n<p>A m\u00e9s de la hist\u00f2ria, tamb\u00e9 hem connectat amb la m\u00fasica de l\u2019\u00e8poca tot descobrint danses i can\u00e7ons de la m\u00e0 del Ferran Aixal\u00e0, que ens ha fet la nostra jornada encara m\u00e9s enriquidora.<\/p>\n","protected":false},"excerpt":{"rendered":"<p>La visita al Castell de Montson\u00eds \u00e9s una part integrant del nostre projecte que aborda el llarg cam\u00ed que va des de la Prehist\u00f2ria fins a l&#8217;Edat Mitjana.<br \/>\nLa nostra experi\u00e8ncia al Castell de Montson\u00eds ha estat una experi\u00e8ncia m\u00e0gica, una oportunitat per imaginar-nos com era&hellip;  <a href=\"https:\/\/agora.xtec.cat\/esc-teresabergada\/blocs-de-primaria\/3r\/castell-de-montsonis-2\/\" title=\"Read Castell de Montson\u00eds\">Llegeix m\u00e9s\u00bb<\/a><\/p>\n","protected":false},"author":60,"featured_media":12023,"comment_status":"open","ping_status":"closed","sticky":false,"template":"","format":"standard","meta":{"_bbp_topic_count":0,"_bbp_reply_count":0,"_bbp_total_topic_count":0,"_bbp_total_reply_count":0,"_bbp_voice_count":0,"_bbp_anonymous_reply_count":0,"_bbp_topic_count_hidden":0,"_bbp_reply_count_hidden":0,"_bbp_forum_subforum_count":0,"footnotes":""},"categories":[238,250],"tags":[],"class_list":["post-12019","post","type-post","status-publish","format-standard","has-post-thumbnail","hentry","category-3r","category-4t"],"post_mailing_queue_ids":[],"_links":{"self":[{"href":"https:\/\/agora.xtec.cat\/esc-teresabergada\/wp-json\/wp\/v2\/posts\/12019","targetHints":{"allow":["GET"]}}],"collection":[{"href":"https:\/\/agora.xtec.cat\/esc-teresabergada\/wp-json\/wp\/v2\/posts"}],"about":[{"href":"https:\/\/agora.xtec.cat\/esc-teresabergada\/wp-json\/wp\/v2\/types\/post"}],"author":[{"embeddable":true,"href":"https:\/\/agora.xtec.cat\/esc-teresabergada\/wp-json\/wp\/v2\/users\/60"}],"replies":[{"embeddable":true,"href":"https:\/\/agora.xtec.cat\/esc-teresabergada\/wp-json\/wp\/v2\/comments?post=12019"}],"version-history":[{"count":2,"href":"https:\/\/agora.xtec.cat\/esc-teresabergada\/wp-json\/wp\/v2\/posts\/12019\/revisions"}],"predecessor-version":[{"id":12024,"href":"https:\/\/agora.xtec.cat\/esc-teresabergada\/wp-json\/wp\/v2\/posts\/12019\/revisions\/12024"}],"wp:featuredmedia":[{"embeddable":true,"href":"https:\/\/agora.xtec.cat\/esc-teresabergada\/wp-json\/wp\/v2\/media\/12023"}],"wp:attachment":[{"href":"https:\/\/agora.xtec.cat\/esc-teresabergada\/wp-json\/wp\/v2\/media?parent=12019"}],"wp:term":[{"taxonomy":"category","embeddable":true,"href":"https:\/\/agora.xtec.cat\/esc-teresabergada\/wp-json\/wp\/v2\/categories?post=12019"},{"taxonomy":"post_tag","embeddable":true,"href":"https:\/\/agora.xtec.cat\/esc-teresabergada\/wp-json\/wp\/v2\/tags?post=12019"}],"curies":[{"name":"wp","href":"https:\/\/api.w.org\/{rel}","templated":true}]}}