{"id":12009,"date":"2024-04-09T17:20:51","date_gmt":"2024-04-09T15:20:51","guid":{"rendered":"https:\/\/agora.xtec.cat\/esc-teresabergada\/?p=12009"},"modified":"2024-04-09T17:20:51","modified_gmt":"2024-04-09T15:20:51","slug":"sortida-dorientacio-i-recerca-darbres","status":"publish","type":"post","link":"https:\/\/agora.xtec.cat\/esc-teresabergada\/general\/sortida-dorientacio-i-recerca-darbres\/","title":{"rendered":"SORTIDA D&#8217;ORIENTACI\u00d3 I RECERCA D&#8217;ARBRES"},"content":{"rendered":"<p style=\"text-align: left\">El passat divendres 5 de mar\u00e7 els nens i nenes de cicle Inicial van fer una sortida pels carrers del poble per tal de mirar els arbres que hi han plantats.<\/p>\n<p style=\"text-align: left\">L&#8217;activitat consistia en donar un pl\u00e0nol als nens i nenes\u00a0 dels carrers del poble on s&#8217;indicaven uns punt que havien de buscar i un cop, all\u00e0 mitjan\u00e7ant un programa instal\u00b7lat a les &#8220;tablets&#8221;,<\/p>\n<p style=\"text-align: left\">havien de fer una foto als arbres que hi trobaven.<\/p>\n<p style=\"text-align: left\">Aquesta sortida s&#8217;engloba dins el projecte de les Plantes que estem realitzant aquest trimestre i tamb\u00e9 vam\u00a0aprofitar aquesta sortida per fer una activitat d&#8217;orientaci\u00f3 dins la mat\u00e8ria d&#8217;Educaci\u00f3 f\u00edsica.<a href=\"https:\/\/agora.xtec.cat\/esc-teresabergada\/wp-content\/uploads\/usu1533\/2024\/04\/orientacio-1-scaled.jpg\"><img loading=\"lazy\" decoding=\"async\" class=\"wp-image-12011 aligncenter\" src=\"https:\/\/agora.xtec.cat\/esc-teresabergada\/wp-content\/uploads\/usu1533\/2024\/04\/orientacio-1-1024x725.jpg\" alt=\"\" width=\"408\" height=\"289\" srcset=\"https:\/\/agora.xtec.cat\/esc-teresabergada\/wp-content\/uploads\/usu1533\/2024\/04\/orientacio-1-1024x725.jpg 1024w, https:\/\/agora.xtec.cat\/esc-teresabergada\/wp-content\/uploads\/usu1533\/2024\/04\/orientacio-1-300x212.jpg 300w, https:\/\/agora.xtec.cat\/esc-teresabergada\/wp-content\/uploads\/usu1533\/2024\/04\/orientacio-1-768x544.jpg 768w, https:\/\/agora.xtec.cat\/esc-teresabergada\/wp-content\/uploads\/usu1533\/2024\/04\/orientacio-1-1536x1088.jpg 1536w, https:\/\/agora.xtec.cat\/esc-teresabergada\/wp-content\/uploads\/usu1533\/2024\/04\/orientacio-1-2048x1450.jpg 2048w\" sizes=\"auto, (max-width: 408px) 100vw, 408px\" \/><\/a><\/p>\n","protected":false},"excerpt":{"rendered":"<p>El passat divendres 5 de mar\u00e7 els nens i nenes de cicle Inicial van fer una sortida pels carrers del poble per tal de mirar els arbres que hi han plantats.<br \/>\nL&#8217;activitat consistia en donar un pl\u00e0nol als nens i nenes\u00a0 dels carrers del poble on&hellip;  <a href=\"https:\/\/agora.xtec.cat\/esc-teresabergada\/general\/sortida-dorientacio-i-recerca-darbres\/\" title=\"Read SORTIDA D&#8217;ORIENTACI\u00d3 I RECERCA D&#8217;ARBRES\">Llegeix m\u00e9s\u00bb<\/a><\/p>\n","protected":false},"author":47,"featured_media":0,"comment_status":"open","ping_status":"closed","sticky":false,"template":"","format":"standard","meta":{"_bbp_topic_count":0,"_bbp_reply_count":0,"_bbp_total_topic_count":0,"_bbp_total_reply_count":0,"_bbp_voice_count":0,"_bbp_anonymous_reply_count":0,"_bbp_topic_count_hidden":0,"_bbp_reply_count_hidden":0,"_bbp_forum_subforum_count":0,"footnotes":""},"categories":[348,153,1],"tags":[],"class_list":["post-12009","post","type-post","status-publish","format-standard","hentry","category-1r","category-2n","category-general"],"post_mailing_queue_ids":[],"_links":{"self":[{"href":"https:\/\/agora.xtec.cat\/esc-teresabergada\/wp-json\/wp\/v2\/posts\/12009","targetHints":{"allow":["GET"]}}],"collection":[{"href":"https:\/\/agora.xtec.cat\/esc-teresabergada\/wp-json\/wp\/v2\/posts"}],"about":[{"href":"https:\/\/agora.xtec.cat\/esc-teresabergada\/wp-json\/wp\/v2\/types\/post"}],"author":[{"embeddable":true,"href":"https:\/\/agora.xtec.cat\/esc-teresabergada\/wp-json\/wp\/v2\/users\/47"}],"replies":[{"embeddable":true,"href":"https:\/\/agora.xtec.cat\/esc-teresabergada\/wp-json\/wp\/v2\/comments?post=12009"}],"version-history":[{"count":1,"href":"https:\/\/agora.xtec.cat\/esc-teresabergada\/wp-json\/wp\/v2\/posts\/12009\/revisions"}],"predecessor-version":[{"id":12012,"href":"https:\/\/agora.xtec.cat\/esc-teresabergada\/wp-json\/wp\/v2\/posts\/12009\/revisions\/12012"}],"wp:attachment":[{"href":"https:\/\/agora.xtec.cat\/esc-teresabergada\/wp-json\/wp\/v2\/media?parent=12009"}],"wp:term":[{"taxonomy":"category","embeddable":true,"href":"https:\/\/agora.xtec.cat\/esc-teresabergada\/wp-json\/wp\/v2\/categories?post=12009"},{"taxonomy":"post_tag","embeddable":true,"href":"https:\/\/agora.xtec.cat\/esc-teresabergada\/wp-json\/wp\/v2\/tags?post=12009"}],"curies":[{"name":"wp","href":"https:\/\/api.w.org\/{rel}","templated":true}]}}