{"id":11979,"date":"2024-03-09T19:06:50","date_gmt":"2024-03-09T18:06:50","guid":{"rendered":"https:\/\/agora.xtec.cat\/esc-teresabergada\/?p=11979"},"modified":"2024-03-09T19:13:02","modified_gmt":"2024-03-09T18:13:02","slug":"commemorant-el-dia-internacional-de-la-dona","status":"publish","type":"post","link":"https:\/\/agora.xtec.cat\/esc-teresabergada\/blocs-de-primaria\/3r\/commemorant-el-dia-internacional-de-la-dona\/","title":{"rendered":"Commemorant el Dia Internacional de la Dona"},"content":{"rendered":"<p><a href=\"https:\/\/agora.xtec.cat\/esc-teresabergada\/wp-content\/uploads\/usu1533\/2024\/03\/WhatsApp-Image-2024-03-09-at-18.52.23.jpeg\"><img loading=\"lazy\" decoding=\"async\" class=\"alignnone size-large wp-image-11980\" src=\"https:\/\/agora.xtec.cat\/esc-teresabergada\/wp-content\/uploads\/usu1533\/2024\/03\/WhatsApp-Image-2024-03-09-at-18.52.23-1024x699.jpeg\" alt=\"\" width=\"1024\" height=\"699\" srcset=\"https:\/\/agora.xtec.cat\/esc-teresabergada\/wp-content\/uploads\/usu1533\/2024\/03\/WhatsApp-Image-2024-03-09-at-18.52.23-1024x699.jpeg 1024w, https:\/\/agora.xtec.cat\/esc-teresabergada\/wp-content\/uploads\/usu1533\/2024\/03\/WhatsApp-Image-2024-03-09-at-18.52.23-300x205.jpeg 300w, https:\/\/agora.xtec.cat\/esc-teresabergada\/wp-content\/uploads\/usu1533\/2024\/03\/WhatsApp-Image-2024-03-09-at-18.52.23-768x524.jpeg 768w, https:\/\/agora.xtec.cat\/esc-teresabergada\/wp-content\/uploads\/usu1533\/2024\/03\/WhatsApp-Image-2024-03-09-at-18.52.23-1536x1049.jpeg 1536w, https:\/\/agora.xtec.cat\/esc-teresabergada\/wp-content\/uploads\/usu1533\/2024\/03\/WhatsApp-Image-2024-03-09-at-18.52.23.jpeg 1582w\" sizes=\"auto, (max-width: 1024px) 100vw, 1024px\" \/><\/a><\/p>\n<p>Ahir, 8 de mar\u00e7, l\u2019alumnat de Cicle Mitj\u00e0 va participar en una jornada plena d\u2019activitats en commemoraci\u00f3 del Dia Internacional de la Dona.<\/p>\n<p>A trav\u00e9s d\u2019una varietat de jocs, can\u00e7ons i lectures enriquidores i inspiradores, els nens i les nenes van poder endinsar-se en la fascinant hist\u00f2ria de nombroses dones que, al llarg del temps, han trencat barreres en \u00e0mbits tan diversos com la ci\u00e8ncia, la literatura, la pol\u00edtica i les arts. Descobrir les seves vides, els seus \u00e8xits i els seus desafiaments ens va permetre con\u00e8ixer el coratge, la determinaci\u00f3 i la perseveran\u00e7a que van demostrar o demostren en les seves lluites.<\/p>\n<p>En definitiva, aquest dia tan especial va ser una oportunitat per promoure la consci\u00e8ncia, l&#8217;empatia, la inclusi\u00f3 i el respecte envers totes les persones, independentment del seu g\u00e8nere. A m\u00e9s, va posar en valor la igualtat de g\u00e8nere i ens va recordar que, malgrat els progressos fets, \u00e9s important continuar lluitant per un m\u00f3n m\u00e9s just i equitatiu per a tothom.<\/p>\n","protected":false},"excerpt":{"rendered":"<p><a href=\"https:\/\/agora.xtec.cat\/esc-teresabergada\/wp-content\/uploads\/usu1533\/2024\/03\/WhatsApp-Image-2024-03-09-at-18.52.23.jpeg\"><\/a><br \/>\nAhir, 8 de mar\u00e7, l\u2019alumnat de Cicle Mitj\u00e0 va participar en una jornada plena d\u2019activitats en commemoraci\u00f3 del Dia Internacional de la Dona.<br \/>\nA trav\u00e9s d\u2019una varietat de jocs, can\u00e7ons i lectures enriquidores i inspiradores, els nens i les nenes van poder endinsar-se en la&hellip;  <a href=\"https:\/\/agora.xtec.cat\/esc-teresabergada\/blocs-de-primaria\/3r\/commemorant-el-dia-internacional-de-la-dona\/\" title=\"Read Commemorant el Dia Internacional de la Dona\">Llegeix m\u00e9s\u00bb<\/a><\/p>\n","protected":false},"author":1,"featured_media":11980,"comment_status":"open","ping_status":"closed","sticky":false,"template":"","format":"standard","meta":{"_bbp_topic_count":0,"_bbp_reply_count":0,"_bbp_total_topic_count":0,"_bbp_total_reply_count":0,"_bbp_voice_count":0,"_bbp_anonymous_reply_count":0,"_bbp_topic_count_hidden":0,"_bbp_reply_count_hidden":0,"_bbp_forum_subforum_count":0,"footnotes":""},"categories":[238,250],"tags":[],"class_list":["post-11979","post","type-post","status-publish","format-standard","has-post-thumbnail","hentry","category-3r","category-4t"],"post_mailing_queue_ids":[],"_links":{"self":[{"href":"https:\/\/agora.xtec.cat\/esc-teresabergada\/wp-json\/wp\/v2\/posts\/11979","targetHints":{"allow":["GET"]}}],"collection":[{"href":"https:\/\/agora.xtec.cat\/esc-teresabergada\/wp-json\/wp\/v2\/posts"}],"about":[{"href":"https:\/\/agora.xtec.cat\/esc-teresabergada\/wp-json\/wp\/v2\/types\/post"}],"author":[{"embeddable":true,"href":"https:\/\/agora.xtec.cat\/esc-teresabergada\/wp-json\/wp\/v2\/users\/1"}],"replies":[{"embeddable":true,"href":"https:\/\/agora.xtec.cat\/esc-teresabergada\/wp-json\/wp\/v2\/comments?post=11979"}],"version-history":[{"count":3,"href":"https:\/\/agora.xtec.cat\/esc-teresabergada\/wp-json\/wp\/v2\/posts\/11979\/revisions"}],"predecessor-version":[{"id":11983,"href":"https:\/\/agora.xtec.cat\/esc-teresabergada\/wp-json\/wp\/v2\/posts\/11979\/revisions\/11983"}],"wp:featuredmedia":[{"embeddable":true,"href":"https:\/\/agora.xtec.cat\/esc-teresabergada\/wp-json\/wp\/v2\/media\/11980"}],"wp:attachment":[{"href":"https:\/\/agora.xtec.cat\/esc-teresabergada\/wp-json\/wp\/v2\/media?parent=11979"}],"wp:term":[{"taxonomy":"category","embeddable":true,"href":"https:\/\/agora.xtec.cat\/esc-teresabergada\/wp-json\/wp\/v2\/categories?post=11979"},{"taxonomy":"post_tag","embeddable":true,"href":"https:\/\/agora.xtec.cat\/esc-teresabergada\/wp-json\/wp\/v2\/tags?post=11979"}],"curies":[{"name":"wp","href":"https:\/\/api.w.org\/{rel}","templated":true}]}}