{"id":11961,"date":"2024-03-04T20:42:28","date_gmt":"2024-03-04T19:42:28","guid":{"rendered":"https:\/\/agora.xtec.cat\/esc-teresabergada\/?p=11961"},"modified":"2024-03-07T09:53:44","modified_gmt":"2024-03-07T08:53:44","slug":"explorant-la-ciencia-un-mes-daprenentatge-experimental-a-lescola","status":"publish","type":"post","link":"https:\/\/agora.xtec.cat\/esc-teresabergada\/blocs-de-primaria\/6e\/explorant-la-ciencia-un-mes-daprenentatge-experimental-a-lescola\/","title":{"rendered":"Explorant la Ci\u00e8ncia: Un Mes d&#8217;Aprenentatge Experimental a l&#8217;Escola"},"content":{"rendered":"<h2><strong><a href=\"https:\/\/agora.xtec.cat\/esc-teresabergada\/wp-content\/uploads\/usu1533\/2024\/03\/ciencias.png\"><img loading=\"lazy\" decoding=\"async\" class=\"alignnone wp-image-11967\" src=\"https:\/\/agora.xtec.cat\/esc-teresabergada\/wp-content\/uploads\/usu1533\/2024\/03\/ciencias.png\" alt=\"\" width=\"78\" height=\"78\" srcset=\"https:\/\/agora.xtec.cat\/esc-teresabergada\/wp-content\/uploads\/usu1533\/2024\/03\/ciencias.png 512w, https:\/\/agora.xtec.cat\/esc-teresabergada\/wp-content\/uploads\/usu1533\/2024\/03\/ciencias-300x300.png 300w, https:\/\/agora.xtec.cat\/esc-teresabergada\/wp-content\/uploads\/usu1533\/2024\/03\/ciencias-150x150.png 150w\" sizes=\"auto, (max-width: 78px) 100vw, 78px\" \/><\/a><\/strong><\/h2>\n<p style=\"text-align: justify;\">Durant el <strong>mes de febrer<\/strong>, l&#8217;emoci\u00f3 i la curiositat han omplert els passadissos de l&#8217;Escola Teresa Bergad\u00e0 gr\u00e0cies a una s\u00e8rie de tallers cient\u00edfics. Els estudiants del cicle superior d&#8217;educaci\u00f3 prim\u00e0ria s&#8217;han embarcat en un viatge de descobriment a trav\u00e9s de <strong>quatre fascinants tallers<\/strong>: el son\u00f2metre, la llum, les piles i la imantaci\u00f3. Aquests tallers han estat molt m\u00e9s que simples activitats; han estat portes obertes a l&#8217;exploraci\u00f3 i comprensi\u00f3 del m\u00f3n que ens envolta.<\/p>\n<p style=\"text-align: justify;\"><a href=\"https:\/\/agora.xtec.cat\/esc-teresabergada\/wp-content\/uploads\/usu1533\/2024\/03\/onda-de-sonido.png\"><img loading=\"lazy\" decoding=\"async\" class=\"alignnone wp-image-11966\" src=\"https:\/\/agora.xtec.cat\/esc-teresabergada\/wp-content\/uploads\/usu1533\/2024\/03\/onda-de-sonido.png\" alt=\"\" width=\"21\" height=\"21\" srcset=\"https:\/\/agora.xtec.cat\/esc-teresabergada\/wp-content\/uploads\/usu1533\/2024\/03\/onda-de-sonido.png 512w, https:\/\/agora.xtec.cat\/esc-teresabergada\/wp-content\/uploads\/usu1533\/2024\/03\/onda-de-sonido-300x300.png 300w, https:\/\/agora.xtec.cat\/esc-teresabergada\/wp-content\/uploads\/usu1533\/2024\/03\/onda-de-sonido-150x150.png 150w\" sizes=\"auto, (max-width: 21px) 100vw, 21px\" \/><\/a> El <strong>taller del son\u00f2metre<\/strong>, per exemple, ha portat els estudiants a preguntar-se: <strong>com sona la nostra escola?<\/strong> Armats amb son\u00f2metres, han mesurat i comparat els sons de diferents \u00e0rees de l&#8217;escola, des de l&#8217;ambient de les classes fins al silenci de la biblioteca. Aquesta experi\u00e8ncia els ha perm\u00e8s comprendre millor <strong>com interactuen el so i l&#8217;espai, i com influeixen en la nostra experi\u00e8ncia di\u00e0ria<\/strong>.<\/p>\n<p style=\"text-align: justify;\"><a href=\"https:\/\/agora.xtec.cat\/esc-teresabergada\/wp-content\/uploads\/usu1533\/2024\/03\/paleta.png\"><img loading=\"lazy\" decoding=\"async\" class=\"alignnone wp-image-11963\" src=\"https:\/\/agora.xtec.cat\/esc-teresabergada\/wp-content\/uploads\/usu1533\/2024\/03\/paleta.png\" alt=\"\" width=\"17\" height=\"17\" srcset=\"https:\/\/agora.xtec.cat\/esc-teresabergada\/wp-content\/uploads\/usu1533\/2024\/03\/paleta.png 512w, https:\/\/agora.xtec.cat\/esc-teresabergada\/wp-content\/uploads\/usu1533\/2024\/03\/paleta-300x300.png 300w, https:\/\/agora.xtec.cat\/esc-teresabergada\/wp-content\/uploads\/usu1533\/2024\/03\/paleta-150x150.png 150w\" sizes=\"auto, (max-width: 17px) 100vw, 17px\" \/><\/a> En el <strong>taller de la llum<\/strong>, els alumnes s&#8217;han submergit en el fascinant m\u00f3n dels colors i la il\u00b7luminaci\u00f3. <strong>Per qu\u00e8 els objectes s\u00f3n de colors diferents?<\/strong> Aquesta pregunta ha portat els estudiants a explorar la dispersi\u00f3 de la llum i entendre com es formen els colors que veiem a diari. Experiments pr\u00e0ctics amb prismes i diferents fonts de llum han il\u00b7luminat la seva comprensi\u00f3, portant-los a apreciar la <strong>bellesa i complexitat de la llum en el nostre m\u00f3n<\/strong>.<\/p>\n<p style=\"text-align: justify;\"><a href=\"https:\/\/agora.xtec.cat\/esc-teresabergada\/wp-content\/uploads\/usu1533\/2024\/03\/limon.png\"><img loading=\"lazy\" decoding=\"async\" class=\"alignnone wp-image-11965\" src=\"https:\/\/agora.xtec.cat\/esc-teresabergada\/wp-content\/uploads\/usu1533\/2024\/03\/limon.png\" alt=\"\" width=\"21\" height=\"21\" srcset=\"https:\/\/agora.xtec.cat\/esc-teresabergada\/wp-content\/uploads\/usu1533\/2024\/03\/limon.png 512w, https:\/\/agora.xtec.cat\/esc-teresabergada\/wp-content\/uploads\/usu1533\/2024\/03\/limon-300x300.png 300w, https:\/\/agora.xtec.cat\/esc-teresabergada\/wp-content\/uploads\/usu1533\/2024\/03\/limon-150x150.png 150w\" sizes=\"auto, (max-width: 21px) 100vw, 21px\" \/><\/a> El <strong>taller de les piles<\/strong> ha desafiat els joves cient\u00edfics a pensar en l&#8217;energia d&#8217;una manera completament nova. <strong>Poden els llimons emmagatzemar energia?<\/strong> Aquesta pregunta ha portat a experiments creatius amb llimones, demostrant com es poden crear circuits senzills per alimentar petits dispositius. Els estudiants no nom\u00e9s han apr\u00e8s sobre la generaci\u00f3 d&#8217;energia, sin\u00f3 tamb\u00e9 sobre la import\u00e0ncia de la <strong>innovaci\u00f3 i la creativitat<\/strong> en la resoluci\u00f3 de problemes cient\u00edfics.<\/p>\n<p style=\"text-align: justify;\"><a href=\"https:\/\/agora.xtec.cat\/esc-teresabergada\/wp-content\/uploads\/usu1533\/2024\/03\/iman.png\"><img loading=\"lazy\" decoding=\"async\" class=\"alignnone wp-image-11964\" src=\"https:\/\/agora.xtec.cat\/esc-teresabergada\/wp-content\/uploads\/usu1533\/2024\/03\/iman.png\" alt=\"\" width=\"26\" height=\"26\" srcset=\"https:\/\/agora.xtec.cat\/esc-teresabergada\/wp-content\/uploads\/usu1533\/2024\/03\/iman.png 512w, https:\/\/agora.xtec.cat\/esc-teresabergada\/wp-content\/uploads\/usu1533\/2024\/03\/iman-300x300.png 300w, https:\/\/agora.xtec.cat\/esc-teresabergada\/wp-content\/uploads\/usu1533\/2024\/03\/iman-150x150.png 150w\" sizes=\"auto, (max-width: 26px) 100vw, 26px\" \/><\/a> Finalment, el <strong>taller de la imantaci\u00f3<\/strong> ha captivat els estudiants amb el misteri\u00f3s poder dels imants. En explorar com diferents materials reaccionen davant els imants, els estudiants han <strong>descobert les forces invisibles que governen el nostre m\u00f3n f\u00edsic<\/strong>, portant-los a una comprensi\u00f3 m\u00e9s profunda dels principis fonamentals de la f\u00edsica.<\/p>\n<p style=\"text-align: justify;\">Per\u00f2 m\u00e9s enll\u00e0 dels conceptes cient\u00edfics, aquests tallers han ofert alguna cosa inestimable: <strong>diversi\u00f3 i emoci\u00f3 per aprendre<\/strong>. Els estudiants s&#8217;han submergit en l&#8217;experimentaci\u00f3, fent preguntes, plantejant hip\u00f2tesis i descobrint respostes per si mateixos. Han apr\u00e8s a <strong>treballar junts<\/strong>, a <strong>pensar cr\u00edticament<\/strong> i a <strong>apreciar la bellesa del m\u00f3n que els envolta<\/strong>, sembrant les llavors de l&#8217;amor per la ci\u00e8ncia i l&#8217;aprenentatge continu. I qui sap, potser entre aquests joves cient\u00edfics hi ha el proper gran descobridor o descobridora que canviar\u00e0 el nostre m\u00f3n.<\/p>\n<p><a href=\"https:\/\/agora.xtec.cat\/esc-teresabergada\/wp-content\/uploads\/usu1533\/2024\/03\/17083471014431-scaled.jpg\"><img loading=\"lazy\" decoding=\"async\" class=\"wp-image-11962 aligncenter\" src=\"https:\/\/agora.xtec.cat\/esc-teresabergada\/wp-content\/uploads\/usu1533\/2024\/03\/17083471014431-1024x768.jpg\" alt=\"\" width=\"596\" height=\"447\" srcset=\"https:\/\/agora.xtec.cat\/esc-teresabergada\/wp-content\/uploads\/usu1533\/2024\/03\/17083471014431-1024x768.jpg 1024w, https:\/\/agora.xtec.cat\/esc-teresabergada\/wp-content\/uploads\/usu1533\/2024\/03\/17083471014431-300x225.jpg 300w, https:\/\/agora.xtec.cat\/esc-teresabergada\/wp-content\/uploads\/usu1533\/2024\/03\/17083471014431-768x576.jpg 768w, https:\/\/agora.xtec.cat\/esc-teresabergada\/wp-content\/uploads\/usu1533\/2024\/03\/17083471014431-1536x1152.jpg 1536w, https:\/\/agora.xtec.cat\/esc-teresabergada\/wp-content\/uploads\/usu1533\/2024\/03\/17083471014431-2048x1536.jpg 2048w, https:\/\/agora.xtec.cat\/esc-teresabergada\/wp-content\/uploads\/usu1533\/2024\/03\/17083471014431-200x150.jpg 200w\" sizes=\"auto, (max-width: 596px) 100vw, 596px\" \/><\/a><\/p>\n<p>&nbsp;<\/p>\n","protected":false},"excerpt":{"rendered":"<p><a href=\"https:\/\/agora.xtec.cat\/esc-teresabergada\/wp-content\/uploads\/usu1533\/2024\/03\/ciencias.png\"><\/a><br \/>\nDurant el mes de febrer, l&#8217;emoci\u00f3 i la curiositat han omplert els passadissos de l&#8217;Escola Teresa Bergad\u00e0 gr\u00e0cies a una s\u00e8rie de tallers cient\u00edfics. Els estudiants del cicle superior d&#8217;educaci\u00f3 prim\u00e0ria s&#8217;han embarcat en un viatge de descobriment a trav\u00e9s de quatre fascinants tallers:&hellip;  <a href=\"https:\/\/agora.xtec.cat\/esc-teresabergada\/blocs-de-primaria\/6e\/explorant-la-ciencia-un-mes-daprenentatge-experimental-a-lescola\/\" title=\"Read Explorant la Ci\u00e8ncia: Un Mes d&#8217;Aprenentatge Experimental a l&#8217;Escola\">Llegeix m\u00e9s\u00bb<\/a><\/p>\n","protected":false},"author":1,"featured_media":11962,"comment_status":"open","ping_status":"closed","sticky":false,"template":"","format":"standard","meta":{"_bbp_topic_count":0,"_bbp_reply_count":0,"_bbp_total_topic_count":0,"_bbp_total_reply_count":0,"_bbp_voice_count":0,"_bbp_anonymous_reply_count":0,"_bbp_topic_count_hidden":0,"_bbp_reply_count_hidden":0,"_bbp_forum_subforum_count":0,"footnotes":""},"categories":[349,240],"tags":[],"class_list":["post-11961","post","type-post","status-publish","format-standard","has-post-thumbnail","hentry","category-5e","category-6e"],"post_mailing_queue_ids":[],"_links":{"self":[{"href":"https:\/\/agora.xtec.cat\/esc-teresabergada\/wp-json\/wp\/v2\/posts\/11961","targetHints":{"allow":["GET"]}}],"collection":[{"href":"https:\/\/agora.xtec.cat\/esc-teresabergada\/wp-json\/wp\/v2\/posts"}],"about":[{"href":"https:\/\/agora.xtec.cat\/esc-teresabergada\/wp-json\/wp\/v2\/types\/post"}],"author":[{"embeddable":true,"href":"https:\/\/agora.xtec.cat\/esc-teresabergada\/wp-json\/wp\/v2\/users\/1"}],"replies":[{"embeddable":true,"href":"https:\/\/agora.xtec.cat\/esc-teresabergada\/wp-json\/wp\/v2\/comments?post=11961"}],"version-history":[{"count":5,"href":"https:\/\/agora.xtec.cat\/esc-teresabergada\/wp-json\/wp\/v2\/posts\/11961\/revisions"}],"predecessor-version":[{"id":11972,"href":"https:\/\/agora.xtec.cat\/esc-teresabergada\/wp-json\/wp\/v2\/posts\/11961\/revisions\/11972"}],"wp:featuredmedia":[{"embeddable":true,"href":"https:\/\/agora.xtec.cat\/esc-teresabergada\/wp-json\/wp\/v2\/media\/11962"}],"wp:attachment":[{"href":"https:\/\/agora.xtec.cat\/esc-teresabergada\/wp-json\/wp\/v2\/media?parent=11961"}],"wp:term":[{"taxonomy":"category","embeddable":true,"href":"https:\/\/agora.xtec.cat\/esc-teresabergada\/wp-json\/wp\/v2\/categories?post=11961"},{"taxonomy":"post_tag","embeddable":true,"href":"https:\/\/agora.xtec.cat\/esc-teresabergada\/wp-json\/wp\/v2\/tags?post=11961"}],"curies":[{"name":"wp","href":"https:\/\/api.w.org\/{rel}","templated":true}]}}