{"id":11953,"date":"2024-03-07T23:08:32","date_gmt":"2024-03-07T22:08:32","guid":{"rendered":"https:\/\/agora.xtec.cat\/esc-teresabergada\/?p=11953"},"modified":"2024-03-07T23:08:32","modified_gmt":"2024-03-07T22:08:32","slug":"unes-colonies-amb-gust-de-sal","status":"publish","type":"post","link":"https:\/\/agora.xtec.cat\/esc-teresabergada\/blocs-de-primaria\/6e\/unes-colonies-amb-gust-de-sal\/","title":{"rendered":"UNES COL\u00d2NIES AMB GUST DE SAL"},"content":{"rendered":"<p style=\"text-align: justify\"><span style=\"font-weight: 400\">Els i les alumnes de CS hem tornat de les col\u00f2nies havent viscut moments \u00fanics i irrepetibles. Vam comen\u00e7ar visitant <em>El Parc Cultural de la Muntanya de Sal<\/em> on hem gaudit d\u2019un espectacle de formes, textures i colors. Tamb\u00e9 hem fet un recorregut pel <em>Castell de Cardona<\/em> on la llegenda de la Torre de la Minyona ens ha entendrit: com de bonic pot arribar a ser l\u2019amor vertader!<\/span><\/p>\n<p style=\"text-align: justify\">Amb el Xavi i en Miquel hem fet una <em>nordic walking<\/em> amb bastons, i envoltats d&#8217;un paisatge de somnis, ens hem adonat com som de petits davant la immensitat que apreciem amb els nostres ulls.<\/p>\n<p style=\"text-align: justify\"><em>La Carral<\/em>, un preci\u00f3s raconet envoltat de pins i roures, ens ha ajudat a enfortir els lligams amb les amistats de classe i les mestres. A m\u00e9s, l&#8217;equip de monitors i servei de menjador han sumat per fer de la nostra estada una experi\u00e8ncia inoblidable: can\u00e7ons, bons \u00e0pats i molta simpatia.<\/p>\n<p style=\"text-align: justify\">Ens ho hem passat genial i \u00e9s que&#8230;<em>compartir viv\u00e8ncies i apreciar-nos ho fa possible tot.<\/em><\/p>\n<p style=\"text-align: justify\"><img loading=\"lazy\" decoding=\"async\" class=\"size-medium wp-image-11977 aligncenter\" src=\"https:\/\/agora.xtec.cat\/esc-teresabergada\/wp-content\/uploads\/usu1533\/2024\/03\/Disseny-sense-titol-300x169.jpg\" alt=\"\" width=\"300\" height=\"169\" srcset=\"https:\/\/agora.xtec.cat\/esc-teresabergada\/wp-content\/uploads\/usu1533\/2024\/03\/Disseny-sense-titol-300x169.jpg 300w, https:\/\/agora.xtec.cat\/esc-teresabergada\/wp-content\/uploads\/usu1533\/2024\/03\/Disseny-sense-titol-1024x576.jpg 1024w, https:\/\/agora.xtec.cat\/esc-teresabergada\/wp-content\/uploads\/usu1533\/2024\/03\/Disseny-sense-titol-768x432.jpg 768w, https:\/\/agora.xtec.cat\/esc-teresabergada\/wp-content\/uploads\/usu1533\/2024\/03\/Disseny-sense-titol-1536x864.jpg 1536w, https:\/\/agora.xtec.cat\/esc-teresabergada\/wp-content\/uploads\/usu1533\/2024\/03\/Disseny-sense-titol.jpg 1920w\" sizes=\"auto, (max-width: 300px) 100vw, 300px\" \/><\/p>\n","protected":false},"excerpt":{"rendered":"<p>Els i les alumnes de CS hem tornat de les col\u00f2nies havent viscut moments \u00fanics i irrepetibles. Vam comen\u00e7ar visitant El Parc Cultural de la Muntanya de Sal on hem gaudit d\u2019un espectacle de formes, textures i colors. Tamb\u00e9 hem fet un recorregut pel Castell&hellip;  <a href=\"https:\/\/agora.xtec.cat\/esc-teresabergada\/blocs-de-primaria\/6e\/unes-colonies-amb-gust-de-sal\/\" title=\"Read UNES COL\u00d2NIES AMB GUST DE SAL\">Llegeix m\u00e9s\u00bb<\/a><\/p>\n","protected":false},"author":32,"featured_media":11977,"comment_status":"open","ping_status":"closed","sticky":false,"template":"","format":"standard","meta":{"_bbp_topic_count":0,"_bbp_reply_count":0,"_bbp_total_topic_count":0,"_bbp_total_reply_count":0,"_bbp_voice_count":0,"_bbp_anonymous_reply_count":0,"_bbp_topic_count_hidden":0,"_bbp_reply_count_hidden":0,"_bbp_forum_subforum_count":0,"footnotes":""},"categories":[349,240],"tags":[117,123],"class_list":["post-11953","post","type-post","status-publish","format-standard","has-post-thumbnail","hentry","category-5e","category-6e","tag-cicle-superior","tag-sortida"],"post_mailing_queue_ids":[],"_links":{"self":[{"href":"https:\/\/agora.xtec.cat\/esc-teresabergada\/wp-json\/wp\/v2\/posts\/11953","targetHints":{"allow":["GET"]}}],"collection":[{"href":"https:\/\/agora.xtec.cat\/esc-teresabergada\/wp-json\/wp\/v2\/posts"}],"about":[{"href":"https:\/\/agora.xtec.cat\/esc-teresabergada\/wp-json\/wp\/v2\/types\/post"}],"author":[{"embeddable":true,"href":"https:\/\/agora.xtec.cat\/esc-teresabergada\/wp-json\/wp\/v2\/users\/32"}],"replies":[{"embeddable":true,"href":"https:\/\/agora.xtec.cat\/esc-teresabergada\/wp-json\/wp\/v2\/comments?post=11953"}],"version-history":[{"count":5,"href":"https:\/\/agora.xtec.cat\/esc-teresabergada\/wp-json\/wp\/v2\/posts\/11953\/revisions"}],"predecessor-version":[{"id":11978,"href":"https:\/\/agora.xtec.cat\/esc-teresabergada\/wp-json\/wp\/v2\/posts\/11953\/revisions\/11978"}],"wp:featuredmedia":[{"embeddable":true,"href":"https:\/\/agora.xtec.cat\/esc-teresabergada\/wp-json\/wp\/v2\/media\/11977"}],"wp:attachment":[{"href":"https:\/\/agora.xtec.cat\/esc-teresabergada\/wp-json\/wp\/v2\/media?parent=11953"}],"wp:term":[{"taxonomy":"category","embeddable":true,"href":"https:\/\/agora.xtec.cat\/esc-teresabergada\/wp-json\/wp\/v2\/categories?post=11953"},{"taxonomy":"post_tag","embeddable":true,"href":"https:\/\/agora.xtec.cat\/esc-teresabergada\/wp-json\/wp\/v2\/tags?post=11953"}],"curies":[{"name":"wp","href":"https:\/\/api.w.org\/{rel}","templated":true}]}}