{"id":11945,"date":"2024-03-01T16:09:45","date_gmt":"2024-03-01T15:09:45","guid":{"rendered":"https:\/\/agora.xtec.cat\/esc-teresabergada\/?p=11945"},"modified":"2024-03-01T16:12:48","modified_gmt":"2024-03-01T15:12:48","slug":"batucada-de-carnestoltes-a-laula","status":"publish","type":"post","link":"https:\/\/agora.xtec.cat\/esc-teresabergada\/musica\/batucada-de-carnestoltes-a-laula\/","title":{"rendered":"Batucada de Carnestoltes a l&#8217;aula"},"content":{"rendered":"<p>Aquesta setmana, els alumnes de sis\u00e8 hem convertit l&#8217;aula de m\u00fasica en un escenari ple de percussi\u00f3 i alegria amb la nostra batucada de Carnaval. Entre tambors, maraques, agog\u00f3s i uns quants ritmes, hem creat la nostra pr\u00f2pia batucada. I \u00e9s que, despr\u00e9s de tot, aquesta ha estat la millor manera d&#8217;acabar de celebrar aquestes dates tan especials.<\/p>\n<p><em>*Podeu trobar els v\u00eddeos amb les interpretacions a les carpetes compartides.<\/em><\/p>\n<p>&nbsp;<\/p>\n","protected":false},"excerpt":{"rendered":"<p>Aquesta setmana, els alumnes de sis\u00e8 hem convertit l&#8217;aula de m\u00fasica en un escenari ple de percussi\u00f3 i alegria amb la nostra batucada de Carnaval. Entre tambors, maraques, agog\u00f3s i uns quants ritmes, hem creat la nostra pr\u00f2pia batucada. I \u00e9s que, despr\u00e9s de tot,&hellip;  <a href=\"https:\/\/agora.xtec.cat\/esc-teresabergada\/musica\/batucada-de-carnestoltes-a-laula\/\" title=\"Read Batucada de Carnestoltes a l&#8217;aula\">Llegeix m\u00e9s\u00bb<\/a><\/p>\n","protected":false},"author":60,"featured_media":11947,"comment_status":"open","ping_status":"closed","sticky":false,"template":"","format":"standard","meta":{"_bbp_topic_count":0,"_bbp_reply_count":0,"_bbp_total_topic_count":0,"_bbp_total_reply_count":0,"_bbp_voice_count":0,"_bbp_anonymous_reply_count":0,"_bbp_topic_count_hidden":0,"_bbp_reply_count_hidden":0,"_bbp_forum_subforum_count":0,"footnotes":""},"categories":[240,104],"tags":[],"class_list":["post-11945","post","type-post","status-publish","format-standard","has-post-thumbnail","hentry","category-6e","category-musica"],"post_mailing_queue_ids":[],"_links":{"self":[{"href":"https:\/\/agora.xtec.cat\/esc-teresabergada\/wp-json\/wp\/v2\/posts\/11945","targetHints":{"allow":["GET"]}}],"collection":[{"href":"https:\/\/agora.xtec.cat\/esc-teresabergada\/wp-json\/wp\/v2\/posts"}],"about":[{"href":"https:\/\/agora.xtec.cat\/esc-teresabergada\/wp-json\/wp\/v2\/types\/post"}],"author":[{"embeddable":true,"href":"https:\/\/agora.xtec.cat\/esc-teresabergada\/wp-json\/wp\/v2\/users\/60"}],"replies":[{"embeddable":true,"href":"https:\/\/agora.xtec.cat\/esc-teresabergada\/wp-json\/wp\/v2\/comments?post=11945"}],"version-history":[{"count":2,"href":"https:\/\/agora.xtec.cat\/esc-teresabergada\/wp-json\/wp\/v2\/posts\/11945\/revisions"}],"predecessor-version":[{"id":11949,"href":"https:\/\/agora.xtec.cat\/esc-teresabergada\/wp-json\/wp\/v2\/posts\/11945\/revisions\/11949"}],"wp:featuredmedia":[{"embeddable":true,"href":"https:\/\/agora.xtec.cat\/esc-teresabergada\/wp-json\/wp\/v2\/media\/11947"}],"wp:attachment":[{"href":"https:\/\/agora.xtec.cat\/esc-teresabergada\/wp-json\/wp\/v2\/media?parent=11945"}],"wp:term":[{"taxonomy":"category","embeddable":true,"href":"https:\/\/agora.xtec.cat\/esc-teresabergada\/wp-json\/wp\/v2\/categories?post=11945"},{"taxonomy":"post_tag","embeddable":true,"href":"https:\/\/agora.xtec.cat\/esc-teresabergada\/wp-json\/wp\/v2\/tags?post=11945"}],"curies":[{"name":"wp","href":"https:\/\/api.w.org\/{rel}","templated":true}]}}