{"id":11932,"date":"2024-02-22T12:30:10","date_gmt":"2024-02-22T11:30:10","guid":{"rendered":"https:\/\/agora.xtec.cat\/esc-teresabergada\/?p=11932"},"modified":"2024-07-02T08:59:55","modified_gmt":"2024-07-02T06:59:55","slug":"portes-obertes-2024","status":"publish","type":"post","link":"https:\/\/agora.xtec.cat\/esc-teresabergada\/general\/portes-obertes-2024\/","title":{"rendered":"Calendari per a la preinscripci\u00f3 del curs 2024-2025\u00a0"},"content":{"rendered":"<h2><img loading=\"lazy\" decoding=\"async\" src=\"https:\/\/agora.xtec.cat\/esc-teresabergada\/wp-content\/uploads\/usu1533\/2024\/02\/1900x372-1024x201.jpg\" alt=\"\" width=\"1024\" height=\"201\" \/><\/h2>\n<div>\n<p>El codi de centre de l&#8217;escola Teresa Bergad\u00e0 \u00e9s\u00a0<b>25005120.<\/b><\/p>\n<ul>\n<li style=\"list-style-type: none;\">\n<ul>\n<li>Oferta inicial de places escolars: a partir del 5 de mar\u00e7 de 2024.<\/li>\n<li>Presentaci\u00f3 de sol\u00b7licituds:\n<ul>\n<li><strong>\u200bEducaci\u00f3 infantil de segon cicle i educaci\u00f3 prim\u00e0ria<\/strong>: del 6 al 20 de mar\u00e7 de 2024.<\/li>\n<li><strong>\u200bEducaci\u00f3 secund\u00e0ria obligat\u00f2ria:<\/strong>\u00a0del 8 al 20 de mar\u00e7 de 2024.<\/li>\n<\/ul>\n<\/li>\n<li>Presentaci\u00f3 de documentaci\u00f3: fins al 22 de mar\u00e7 de 2024.<\/li>\n<li><a href=\"https:\/\/drive.google.com\/file\/d\/1MJqc5gkOtwCWv9T0dw17-cSSKH5ESzjE\/view?usp=sharing\" target=\"_blank\" rel=\"noopener\">Llista de sol\u00b7licituds amb la puntuaci\u00f3 provisiona<\/a>l: 17 d\u2019abril de 2024.<\/li>\n<li>Presentaci\u00f3 de reclamacions: del 17 al 22 d\u2019abril de 2024.<\/li>\n<li><a href=\"https:\/\/drive.google.com\/file\/d\/12p86ieef7NP77hVzt-h_ngfqHiIs15Zv\/view?usp=sharing\" target=\"_blank\" rel=\"noopener\">Llista de sol\u00b7licituds amb la puntuaci\u00f3 un cop resoltes les reclamacions:<\/a> 25 d\u2019abril de 2024.<\/li>\n<li>Sorteig per resoldre les sol\u00b7licituds de preinscripci\u00f3 empatades en punts: 30 d\u2019abril de 2024 a les 11 hores.<\/li>\n<li><a href=\"https:\/\/drive.google.com\/file\/d\/1tmDzKcEmicty15jyuiO7RyLCCcuKdnBX\/view?usp=sharing\" target=\"_blank\" rel=\"noopener\">Llista ordenada definitiva<\/a>: 2 de maig de 2024.<\/li>\n<li>Ampliaci\u00f3 de petici\u00f3 de centres per a les sol\u00b7licituds que no han obtingut cap assignaci\u00f3 (assignaci\u00f3 d\u2019ofici): del 29 al 31 de maig de 2024<\/li>\n<li>Oferta final de places escolars: 7 de juny de 2024.<\/li>\n<li><a href=\"https:\/\/drive.google.com\/file\/d\/1n4Jd5rvWoLjxDTIhmDyf-3eYp42Emvk8\/view?usp=sharing\" target=\"_blank\" rel=\"noopener\">Llista d\u2019alumnes admesos i llista d\u2019espera<\/a>: 10 de juny de 2024.<\/li>\n<\/ul>\n<\/li>\n<\/ul>\n<\/div>\n","protected":false},"excerpt":{"rendered":"<p>El codi de centre de l&#8217;escola Teresa Bergad\u00e0 \u00e9s\u00a025005120.<\/p>\n<ul>\n<li style=\"list-style-type: none;\">\n<ul>\n<li>Oferta inicial de places escolars: a partir del 5 de mar\u00e7 de 2024.<\/li>\n<li>Presentaci\u00f3 de sol\u00b7licituds:\n<ul>\n<li>\u200bEducaci\u00f3 infantil de segon cicle i educaci\u00f3 prim\u00e0ria: del 6 al 20 de mar\u00e7 de 2024.<\/li>\n<li>\u200bEducaci\u00f3 secund\u00e0ria obligat\u00f2ria:\u00a0del 8 al 20&hellip;  <a href=\"https:\/\/agora.xtec.cat\/esc-teresabergada\/general\/portes-obertes-2024\/\" title=\"Read Calendari per a la preinscripci\u00f3 del curs 2024-2025\u00a0\">Llegeix m\u00e9s\u00bb<\/a><br \/>\n","protected":false},"author":7,"featured_media":0,"comment_status":"open","ping_status":"closed","sticky":false,"template":"","format":"standard","meta":{"_bbp_topic_count":0,"_bbp_reply_count":0,"_bbp_total_topic_count":0,"_bbp_total_reply_count":0,"_bbp_voice_count":0,"_bbp_anonymous_reply_count":0,"_bbp_topic_count_hidden":0,"_bbp_reply_count_hidden":0,"_bbp_forum_subforum_count":0,"footnotes":""},"categories":[1,4],"tags":[],"class_list":["post-11932","post","type-post","status-publish","format-standard","hentry","category-general","category-portada"],"post_mailing_queue_ids":[],"_links":{"self":[{"href":"https:\/\/agora.xtec.cat\/esc-teresabergada\/wp-json\/wp\/v2\/posts\/11932","targetHints":{"allow":["GET"]}}],"collection":[{"href":"https:\/\/agora.xtec.cat\/esc-teresabergada\/wp-json\/wp\/v2\/posts"}],"about":[{"href":"https:\/\/agora.xtec.cat\/esc-teresabergada\/wp-json\/wp\/v2\/types\/post"}],"author":[{"embeddable":true,"href":"https:\/\/agora.xtec.cat\/esc-teresabergada\/wp-json\/wp\/v2\/users\/7"}],"replies":[{"embeddable":true,"href":"https:\/\/agora.xtec.cat\/esc-teresabergada\/wp-json\/wp\/v2\/comments?post=11932"}],"version-history":[{"count":7,"href":"https:\/\/agora.xtec.cat\/esc-teresabergada\/wp-json\/wp\/v2\/posts\/11932\/revisions"}],"predecessor-version":[{"id":12124,"href":"https:\/\/agora.xtec.cat\/esc-teresabergada\/wp-json\/wp\/v2\/posts\/11932\/revisions\/12124"}],"wp:attachment":[{"href":"https:\/\/agora.xtec.cat\/esc-teresabergada\/wp-json\/wp\/v2\/media?parent=11932"}],"wp:term":[{"taxonomy":"category","embeddable":true,"href":"https:\/\/agora.xtec.cat\/esc-teresabergada\/wp-json\/wp\/v2\/categories?post=11932"},{"taxonomy":"post_tag","embeddable":true,"href":"https:\/\/agora.xtec.cat\/esc-teresabergada\/wp-json\/wp\/v2\/tags?post=11932"}],"curies":[{"name":"wp","href":"https:\/\/api.w.org\/{rel}","templated":true}]}}