{"id":11912,"date":"2024-02-16T17:24:21","date_gmt":"2024-02-16T16:24:21","guid":{"rendered":"https:\/\/agora.xtec.cat\/esc-teresabergada\/?p=11912"},"modified":"2024-02-17T08:55:14","modified_gmt":"2024-02-17T07:55:14","slug":"carnaval-2024","status":"publish","type":"post","link":"https:\/\/agora.xtec.cat\/esc-teresabergada\/portada\/carnaval-2024\/","title":{"rendered":"CARNAVAL 2024"},"content":{"rendered":"<p style=\"text-align: justify;\">Aquesta setmana el Carnaval ha arribat carregat de diversi\u00f3 al nostre centre! Cada dia hem esperat amb molta emoci\u00f3 les consignes divertides i inesperades que han anat guiant la nostra festa i ens han fet viure una setmana plena d\u2019alegria i de color.<\/p>\n<p style=\"text-align: justify;\">Dimarts vam comen\u00e7ar amb una dosi d\u2019eleg\u00e0ncia, lluint pentinats estrafolaris i impossibles que haurien fet enveja a qualsevol estrella de rock; dimecres vam gaudir del confort dels nostres pijames, de les nostres espardenyes i de la suavitat de molts peluixos; i dijous vam omplir l\u2019escola de m\u00e0scares\u00a0que ens van donar un toc d\u2019intriga i de misteri.<\/p>\n<p>Finalment, divendres ha arribat la gran festa de disfresses! Malgrat la pluja, que ha fet acte de pres\u00e8ncia a la nostra festa i ha fet que hagu\u00e9ssim de traslladar la celebraci\u00f3 a l\u2019interior de l\u2019escola, no ha minvat el nostre entusiasme i les nostres ganes de gresca i xerinola. Rues improvisades pels passadissos, disfresses de tots colors, m\u00fasica, ball i&#8230; coca i xocolata de part de l&#8217;AFA per a tothom!, han estat els ingredients d\u2019una festa inoblidable, plena de somriures, rialles i de bon humor.<\/p>\n<p style=\"text-align: justify;\"><img loading=\"lazy\" decoding=\"async\" class=\"aligncenter wp-image-11913\" src=\"https:\/\/agora.xtec.cat\/esc-teresabergada\/wp-content\/uploads\/usu1533\/2024\/02\/IMG_20240215_1453382-1024x817.jpg\" alt=\"\" width=\"600\" height=\"479\" srcset=\"https:\/\/agora.xtec.cat\/esc-teresabergada\/wp-content\/uploads\/usu1533\/2024\/02\/IMG_20240215_1453382-1024x817.jpg 1024w, https:\/\/agora.xtec.cat\/esc-teresabergada\/wp-content\/uploads\/usu1533\/2024\/02\/IMG_20240215_1453382-300x239.jpg 300w, https:\/\/agora.xtec.cat\/esc-teresabergada\/wp-content\/uploads\/usu1533\/2024\/02\/IMG_20240215_1453382-768x613.jpg 768w, https:\/\/agora.xtec.cat\/esc-teresabergada\/wp-content\/uploads\/usu1533\/2024\/02\/IMG_20240215_1453382-1536x1226.jpg 1536w, https:\/\/agora.xtec.cat\/esc-teresabergada\/wp-content\/uploads\/usu1533\/2024\/02\/IMG_20240215_1453382-2048x1634.jpg 2048w\" sizes=\"auto, (max-width: 600px) 100vw, 600px\" \/><\/p>\n","protected":false},"excerpt":{"rendered":"<p>Aquesta setmana el Carnaval ha arribat carregat de diversi\u00f3 al nostre centre! Cada dia hem esperat amb molta emoci\u00f3 les consignes divertides i inesperades que han anat guiant la nostra festa i ens han fet viure una setmana plena d\u2019alegria i de color.<br \/>\nDimarts vam comen\u00e7ar&hellip;  <a href=\"https:\/\/agora.xtec.cat\/esc-teresabergada\/portada\/carnaval-2024\/\" title=\"Read CARNAVAL 2024\">Llegeix m\u00e9s\u00bb<\/a><\/p>\n","protected":false},"author":1,"featured_media":11913,"comment_status":"open","ping_status":"closed","sticky":false,"template":"","format":"standard","meta":{"_bbp_topic_count":0,"_bbp_reply_count":0,"_bbp_total_topic_count":0,"_bbp_total_reply_count":0,"_bbp_voice_count":0,"_bbp_anonymous_reply_count":0,"_bbp_topic_count_hidden":0,"_bbp_reply_count_hidden":0,"_bbp_forum_subforum_count":0,"footnotes":""},"categories":[4],"tags":[],"class_list":["post-11912","post","type-post","status-publish","format-standard","has-post-thumbnail","hentry","category-portada"],"post_mailing_queue_ids":[],"_links":{"self":[{"href":"https:\/\/agora.xtec.cat\/esc-teresabergada\/wp-json\/wp\/v2\/posts\/11912","targetHints":{"allow":["GET"]}}],"collection":[{"href":"https:\/\/agora.xtec.cat\/esc-teresabergada\/wp-json\/wp\/v2\/posts"}],"about":[{"href":"https:\/\/agora.xtec.cat\/esc-teresabergada\/wp-json\/wp\/v2\/types\/post"}],"author":[{"embeddable":true,"href":"https:\/\/agora.xtec.cat\/esc-teresabergada\/wp-json\/wp\/v2\/users\/1"}],"replies":[{"embeddable":true,"href":"https:\/\/agora.xtec.cat\/esc-teresabergada\/wp-json\/wp\/v2\/comments?post=11912"}],"version-history":[{"count":2,"href":"https:\/\/agora.xtec.cat\/esc-teresabergada\/wp-json\/wp\/v2\/posts\/11912\/revisions"}],"predecessor-version":[{"id":11915,"href":"https:\/\/agora.xtec.cat\/esc-teresabergada\/wp-json\/wp\/v2\/posts\/11912\/revisions\/11915"}],"wp:featuredmedia":[{"embeddable":true,"href":"https:\/\/agora.xtec.cat\/esc-teresabergada\/wp-json\/wp\/v2\/media\/11913"}],"wp:attachment":[{"href":"https:\/\/agora.xtec.cat\/esc-teresabergada\/wp-json\/wp\/v2\/media?parent=11912"}],"wp:term":[{"taxonomy":"category","embeddable":true,"href":"https:\/\/agora.xtec.cat\/esc-teresabergada\/wp-json\/wp\/v2\/categories?post=11912"},{"taxonomy":"post_tag","embeddable":true,"href":"https:\/\/agora.xtec.cat\/esc-teresabergada\/wp-json\/wp\/v2\/tags?post=11912"}],"curies":[{"name":"wp","href":"https:\/\/api.w.org\/{rel}","templated":true}]}}