{"id":11904,"date":"2024-02-10T13:32:55","date_gmt":"2024-02-10T12:32:55","guid":{"rendered":"https:\/\/agora.xtec.cat\/esc-teresabergada\/?p=11904"},"modified":"2024-03-29T21:25:03","modified_gmt":"2024-03-29T20:25:03","slug":"tarda-compartida-presentacio-projecte","status":"publish","type":"post","link":"https:\/\/agora.xtec.cat\/esc-teresabergada\/blocs-de-primaria\/5e\/tarda-compartida-presentacio-projecte\/","title":{"rendered":"TARDA COMPARTIDA &#8211; PRESENTACI\u00d3 PROJECTE"},"content":{"rendered":"<p style=\"text-align: justify;\"><span style=\"font-weight: 400;\">Ara que ja ha passat una setmana de la tarda compartida, que vam gaudir alumnat i fam\u00edlies del grup de cinqu\u00e8 A, ens ha perm\u00e8s fer-ne una valoraci\u00f3. Totes i tots ens vam sentir ben orgullosos d\u2019haver pogut presentar a les nostres mares, pares, germans, padrines\u2026 el projecte El cos hum\u00e0, el qual hav\u00edem estat treballant amb inter\u00e8s i curiositat durant els primers mesos de curs. <\/span><\/p>\n<p style=\"text-align: justify;\"><span style=\"font-weight: 400;\">El fet de preparar l\u2019exposici\u00f3 per a les persones que m\u00e9s estimem ha tornat a posar de manifest com n\u2019\u00e9s d\u2019important qu\u00e8 aprenem, per\u00f2 encara pren m\u00e9s import\u00e0ncia el com.\u00a0<\/span><\/p>\n<p><span style=\"font-weight: 400;\">Fam\u00edlies, gr\u00e0cies per ser i estar amb nosaltres!<\/span><\/p>\n<p style=\"text-align: center;\"><img loading=\"lazy\" decoding=\"async\" class=\"aligncenter wp-image-11905\" src=\"https:\/\/agora.xtec.cat\/esc-teresabergada\/wp-content\/uploads\/usu1533\/2024\/02\/Presentacio-projecte-1024x576.png\" alt=\"\" width=\"600\" height=\"338\" srcset=\"https:\/\/agora.xtec.cat\/esc-teresabergada\/wp-content\/uploads\/usu1533\/2024\/02\/Presentacio-projecte-1024x576.png 1024w, https:\/\/agora.xtec.cat\/esc-teresabergada\/wp-content\/uploads\/usu1533\/2024\/02\/Presentacio-projecte-300x169.png 300w, https:\/\/agora.xtec.cat\/esc-teresabergada\/wp-content\/uploads\/usu1533\/2024\/02\/Presentacio-projecte-768x432.png 768w, https:\/\/agora.xtec.cat\/esc-teresabergada\/wp-content\/uploads\/usu1533\/2024\/02\/Presentacio-projecte-1536x864.png 1536w, https:\/\/agora.xtec.cat\/esc-teresabergada\/wp-content\/uploads\/usu1533\/2024\/02\/Presentacio-projecte.png 1920w\" sizes=\"auto, (max-width: 600px) 100vw, 600px\" \/><br style=\"font-weight: 400;\" \/><em><span class=\"OYPEnA text-decoration-none text-strikethrough-none\">Si volem que l\u2019aprenentatge sigui aut\u00e8ntic \u00e9s essencial posar-hi el cap, per\u00f2 encara m\u00e9s el cor.<\/span><\/em><\/p>\n","protected":false},"excerpt":{"rendered":"<p>Ara que ja ha passat una setmana de la tarda compartida, que vam gaudir alumnat i fam\u00edlies del grup de cinqu\u00e8 A, ens ha perm\u00e8s fer-ne una valoraci\u00f3. Totes i tots ens vam sentir ben orgullosos d\u2019haver pogut presentar a les nostres mares, pares, germans,&hellip;  <a href=\"https:\/\/agora.xtec.cat\/esc-teresabergada\/blocs-de-primaria\/5e\/tarda-compartida-presentacio-projecte\/\" title=\"Read TARDA COMPARTIDA &#8211; PRESENTACI\u00d3 PROJECTE\">Llegeix m\u00e9s\u00bb<\/a><\/p>\n","protected":false},"author":1,"featured_media":11905,"comment_status":"open","ping_status":"closed","sticky":false,"template":"","format":"standard","meta":{"_bbp_topic_count":0,"_bbp_reply_count":0,"_bbp_total_topic_count":0,"_bbp_total_reply_count":0,"_bbp_voice_count":0,"_bbp_anonymous_reply_count":0,"_bbp_topic_count_hidden":0,"_bbp_reply_count_hidden":0,"_bbp_forum_subforum_count":0,"footnotes":""},"categories":[349],"tags":[],"class_list":["post-11904","post","type-post","status-publish","format-standard","has-post-thumbnail","hentry","category-5e"],"post_mailing_queue_ids":[],"_links":{"self":[{"href":"https:\/\/agora.xtec.cat\/esc-teresabergada\/wp-json\/wp\/v2\/posts\/11904","targetHints":{"allow":["GET"]}}],"collection":[{"href":"https:\/\/agora.xtec.cat\/esc-teresabergada\/wp-json\/wp\/v2\/posts"}],"about":[{"href":"https:\/\/agora.xtec.cat\/esc-teresabergada\/wp-json\/wp\/v2\/types\/post"}],"author":[{"embeddable":true,"href":"https:\/\/agora.xtec.cat\/esc-teresabergada\/wp-json\/wp\/v2\/users\/1"}],"replies":[{"embeddable":true,"href":"https:\/\/agora.xtec.cat\/esc-teresabergada\/wp-json\/wp\/v2\/comments?post=11904"}],"version-history":[{"count":3,"href":"https:\/\/agora.xtec.cat\/esc-teresabergada\/wp-json\/wp\/v2\/posts\/11904\/revisions"}],"predecessor-version":[{"id":12003,"href":"https:\/\/agora.xtec.cat\/esc-teresabergada\/wp-json\/wp\/v2\/posts\/11904\/revisions\/12003"}],"wp:featuredmedia":[{"embeddable":true,"href":"https:\/\/agora.xtec.cat\/esc-teresabergada\/wp-json\/wp\/v2\/media\/11905"}],"wp:attachment":[{"href":"https:\/\/agora.xtec.cat\/esc-teresabergada\/wp-json\/wp\/v2\/media?parent=11904"}],"wp:term":[{"taxonomy":"category","embeddable":true,"href":"https:\/\/agora.xtec.cat\/esc-teresabergada\/wp-json\/wp\/v2\/categories?post=11904"},{"taxonomy":"post_tag","embeddable":true,"href":"https:\/\/agora.xtec.cat\/esc-teresabergada\/wp-json\/wp\/v2\/tags?post=11904"}],"curies":[{"name":"wp","href":"https:\/\/api.w.org\/{rel}","templated":true}]}}