{"id":11882,"date":"2024-02-02T09:07:01","date_gmt":"2024-02-02T08:07:01","guid":{"rendered":"https:\/\/agora.xtec.cat\/esc-teresabergada\/?p=11882"},"modified":"2024-03-04T18:21:40","modified_gmt":"2024-03-04T17:21:40","slug":"men-contes-un-de-ciencia","status":"publish","type":"post","link":"https:\/\/agora.xtec.cat\/esc-teresabergada\/portada\/men-contes-un-de-ciencia\/","title":{"rendered":"ME\u2019N CONTES UN DE CI\u00c8NCIA?"},"content":{"rendered":"<p><span style=\"font-weight: 400;\">L\u2019alumnat de cicle superior ha participat en el\u00a0 Concurs de relats breus \u201cMe\u2019n contes un de ci\u00e8ncia?\u201d. En aquesta edici\u00f3, els nois i noies han escrit uns contes molt originals, els quals estaven basats en aquestes tres paraules: Joan Or\u00f3, lluna i vida.<\/span><\/p>\n<p><span style=\"font-weight: 400;\">Aquest concurs s\u2019emmarca dins de la proposta de\u00a0 la Setmana de la Ci\u00e8ncia i\u00a0 t\u00e9 com a objectius fonamentals apropar la ci\u00e8ncia i la tecnologia a la ciutadania i fomentar les vocacions cient\u00edfiques entre els m\u00e9s joves.<\/span><\/p>\n<p><span style=\"font-weight: 400;\">Ahir, 1 de febrer de 2024, vam poder assistir a l\u2019entrega de premis en format virtual; doncs una de les nostres alumnes va resultar guanyadora en la categoria de 2n.premi en llengua catalana amb l\u2019obra\u00a0 El descobriment del Joan. Enhorabona Tuixent! Tamb\u00e9 volem felicitar a la resta de participants: Ada, Orkia, Iker, Bruna, Hawa, Pol, Paula, Kali, Bruno i Sara!<\/span><\/p>\n<p><a href=\"https:\/\/www.ice.udl.cat\/ca\/activitats\/tallers\/\"><img loading=\"lazy\" decoding=\"async\" class=\"aligncenter wp-image-11883\" src=\"https:\/\/agora.xtec.cat\/esc-teresabergada\/wp-content\/uploads\/usu1533\/2024\/02\/Diploma-Escola-Teresa-Bergada.pdf_firmado_page-0001-1024x724.jpg\" alt=\"\" width=\"700\" height=\"495\" srcset=\"https:\/\/agora.xtec.cat\/esc-teresabergada\/wp-content\/uploads\/usu1533\/2024\/02\/Diploma-Escola-Teresa-Bergada.pdf_firmado_page-0001-1024x724.jpg 1024w, https:\/\/agora.xtec.cat\/esc-teresabergada\/wp-content\/uploads\/usu1533\/2024\/02\/Diploma-Escola-Teresa-Bergada.pdf_firmado_page-0001-300x212.jpg 300w, https:\/\/agora.xtec.cat\/esc-teresabergada\/wp-content\/uploads\/usu1533\/2024\/02\/Diploma-Escola-Teresa-Bergada.pdf_firmado_page-0001-768x543.jpg 768w, https:\/\/agora.xtec.cat\/esc-teresabergada\/wp-content\/uploads\/usu1533\/2024\/02\/Diploma-Escola-Teresa-Bergada.pdf_firmado_page-0001-1536x1085.jpg 1536w, https:\/\/agora.xtec.cat\/esc-teresabergada\/wp-content\/uploads\/usu1533\/2024\/02\/Diploma-Escola-Teresa-Bergada.pdf_firmado_page-0001.jpg 1755w\" sizes=\"auto, (max-width: 700px) 100vw, 700px\" \/>Cliqueu a la imatge per accedir a l\u2019enlla\u00e7 de l\u2019entrega de premis.<\/a><\/p>\n","protected":false},"excerpt":{"rendered":"<p>L\u2019alumnat de cicle superior ha participat en el\u00a0 Concurs de relats breus \u201cMe\u2019n contes un de ci\u00e8ncia?\u201d. En aquesta edici\u00f3, els nois i noies han escrit uns contes molt originals, els quals estaven basats en aquestes tres paraules: Joan Or\u00f3, lluna i vida.<br \/>\nAquest concurs s\u2019emmarca&hellip;  <a href=\"https:\/\/agora.xtec.cat\/esc-teresabergada\/portada\/men-contes-un-de-ciencia\/\" title=\"Read ME\u2019N CONTES UN DE CI\u00c8NCIA?\">Llegeix m\u00e9s\u00bb<\/a><\/p>\n","protected":false},"author":1,"featured_media":11883,"comment_status":"open","ping_status":"closed","sticky":false,"template":"","format":"standard","meta":{"_bbp_topic_count":0,"_bbp_reply_count":0,"_bbp_total_topic_count":0,"_bbp_total_reply_count":0,"_bbp_voice_count":0,"_bbp_anonymous_reply_count":0,"_bbp_topic_count_hidden":0,"_bbp_reply_count_hidden":0,"_bbp_forum_subforum_count":0,"footnotes":""},"categories":[349,240,4],"tags":[],"class_list":["post-11882","post","type-post","status-publish","format-standard","has-post-thumbnail","hentry","category-5e","category-6e","category-portada"],"post_mailing_queue_ids":[],"_links":{"self":[{"href":"https:\/\/agora.xtec.cat\/esc-teresabergada\/wp-json\/wp\/v2\/posts\/11882","targetHints":{"allow":["GET"]}}],"collection":[{"href":"https:\/\/agora.xtec.cat\/esc-teresabergada\/wp-json\/wp\/v2\/posts"}],"about":[{"href":"https:\/\/agora.xtec.cat\/esc-teresabergada\/wp-json\/wp\/v2\/types\/post"}],"author":[{"embeddable":true,"href":"https:\/\/agora.xtec.cat\/esc-teresabergada\/wp-json\/wp\/v2\/users\/1"}],"replies":[{"embeddable":true,"href":"https:\/\/agora.xtec.cat\/esc-teresabergada\/wp-json\/wp\/v2\/comments?post=11882"}],"version-history":[{"count":4,"href":"https:\/\/agora.xtec.cat\/esc-teresabergada\/wp-json\/wp\/v2\/posts\/11882\/revisions"}],"predecessor-version":[{"id":11960,"href":"https:\/\/agora.xtec.cat\/esc-teresabergada\/wp-json\/wp\/v2\/posts\/11882\/revisions\/11960"}],"wp:featuredmedia":[{"embeddable":true,"href":"https:\/\/agora.xtec.cat\/esc-teresabergada\/wp-json\/wp\/v2\/media\/11883"}],"wp:attachment":[{"href":"https:\/\/agora.xtec.cat\/esc-teresabergada\/wp-json\/wp\/v2\/media?parent=11882"}],"wp:term":[{"taxonomy":"category","embeddable":true,"href":"https:\/\/agora.xtec.cat\/esc-teresabergada\/wp-json\/wp\/v2\/categories?post=11882"},{"taxonomy":"post_tag","embeddable":true,"href":"https:\/\/agora.xtec.cat\/esc-teresabergada\/wp-json\/wp\/v2\/tags?post=11882"}],"curies":[{"name":"wp","href":"https:\/\/api.w.org\/{rel}","templated":true}]}}