{"id":11867,"date":"2024-01-31T19:09:42","date_gmt":"2024-01-31T18:09:42","guid":{"rendered":"https:\/\/agora.xtec.cat\/esc-teresabergada\/?p=11867"},"modified":"2024-01-31T19:14:02","modified_gmt":"2024-01-31T18:14:02","slug":"festa-de-la-pau","status":"publish","type":"post","link":"https:\/\/agora.xtec.cat\/esc-teresabergada\/portada\/festa-de-la-pau\/","title":{"rendered":"FESTA DE LA PAU"},"content":{"rendered":"<p><span style=\"font-weight: 400;\">El dimarts 30 de gener vam celebrar el Dia de la Pau, un moment significatiu per reflexionar sobre la import\u00e0ncia de la pau al m\u00f3n i com cadasc\u00fa de nosaltres pot contribuir a la construcci\u00f3 d&#8217;un futur m\u00e9s harm\u00f2nic. Aquesta jornada, que se celebra cada any, ens recorda la necessitat de treballar junts per superar els desafiaments que ens separen i crear un m\u00f3n en qu\u00e8 la pau sigui una realitat per a tothom.<\/span><\/p>\n<p><span style=\"font-weight: 400;\">La pau no nom\u00e9s \u00e9s l&#8217;abs\u00e8ncia de conflictes armats, sin\u00f3 tamb\u00e9 la creaci\u00f3 d&#8217;entorns on les persones puguin viure sense por, amb just\u00edcia i igualtat. A l&#8217;escola, tenim la responsabilitat de fomentar valors que promouen la pau i la conviv\u00e8ncia positiva.<\/span><\/p>\n<p><span style=\"font-weight: 400;\">Aquest any durant el mat\u00ed cada cicle ha desenvolupat diferents activitats relacionades amb la Pau.\u00a0<\/span><\/p>\n<p><span style=\"font-weight: 400;\">A <\/span><b>Infantil <\/b><span style=\"font-weight: 400;\">hem creat els &#8220;Somnis de Pau&#8221;. Despr\u00e9s d&#8217;obrir una conversa a l&#8217;aula sobre la Pau, els infants hem pensat amb el nostre somni de pau i hem fet m\u00e0gia canviant les guerres per pessigolles, les bales per m\u00fasica, les pistoles per amor&#8230; Finalment, hem atrapat aquest somni de pau en un atrapa somnis de colors que hem penjat als arbres del pati.<\/span><\/p>\n<p><span style=\"font-weight: 400;\">A <\/span><b>Cicle Inicial<\/b><span style=\"font-weight: 400;\">, hem compartit un moment molt dol\u00e7 amb els padrins i padrines dels jubilats. All\u00e0, hem jugat a diferents jocs de taula, com ara el parx\u00eds, el d\u00f2mino, el memory\u2026 i hem compartit una estona molt bonica parlant amb ells.<\/span><\/p>\n<p><span style=\"font-weight: 400;\">Pel que fa a <\/span><b>Cicle Mitj\u00e0<\/b><span style=\"font-weight: 400;\">, hem reflexionat sobre la pau i hem extret com a conclusions que aquesta es tradueix en calma, comprensi\u00f3, harmonia i llibertat, generant un estat de benestar tant personal com col\u00b7lectiu. A continuaci\u00f3 hem donat vida a les nostres idees a trav\u00e9s d&#8217;un mural amb el lema &#8220;quan tanco els ulls i parlem de pau, qu\u00e8 veig?&#8221; Aquesta obra visual il\u00b7lustra les diverses maneres en qu\u00e8 cada infant interpreta, desitja i viu la pau.<\/span><\/p>\n<p><span style=\"font-weight: 400;\">Finalment, a <\/span><b>Cicle Superior<\/b> <span style=\"font-weight: 400;\">a partir de la llegenda japonesa, \u201cSenbazuru&#8221;, que diu que a qualsevol persona que faci 1.000 grues de paper li ser\u00e0 concedit un desig, l&#8217;alumnat hem creat una instal\u00b7laci\u00f3 art\u00edstica amb grues de paper de colors i desitjos de pau tot utilitzant diferents tipografies. ENS AJUDEU A ACONSEGUIR ELS NOSTRES DESITJOS?\u00a0<\/span><\/p>\n<p><span style=\"font-weight: 400;\">Finalment, hem tancat aquest magn\u00edfic asseient-nos al pati de l\u2019escola de tal manera que fotografiats es pugui llegir el missatge PAU. A m\u00e9s a m\u00e9s, alguns alumnes de Cicle Superior han llegit un petit manifest.<\/span><\/p>\n<p><a href=\"https:\/\/agora.xtec.cat\/esc-teresabergada\/wp-content\/uploads\/usu1533\/2024\/01\/WhatsApp-Image-2024-01-31-at-19.05.19-scaled.jpeg\"><img loading=\"lazy\" decoding=\"async\" class=\"alignnone size-large wp-image-11868\" src=\"https:\/\/agora.xtec.cat\/esc-teresabergada\/wp-content\/uploads\/usu1533\/2024\/01\/WhatsApp-Image-2024-01-31-at-19.05.19-1024x1024.jpeg\" alt=\"\" width=\"1024\" height=\"1024\" srcset=\"https:\/\/agora.xtec.cat\/esc-teresabergada\/wp-content\/uploads\/usu1533\/2024\/01\/WhatsApp-Image-2024-01-31-at-19.05.19-1024x1024.jpeg 1024w, https:\/\/agora.xtec.cat\/esc-teresabergada\/wp-content\/uploads\/usu1533\/2024\/01\/WhatsApp-Image-2024-01-31-at-19.05.19-300x300.jpeg 300w, https:\/\/agora.xtec.cat\/esc-teresabergada\/wp-content\/uploads\/usu1533\/2024\/01\/WhatsApp-Image-2024-01-31-at-19.05.19-150x150.jpeg 150w, https:\/\/agora.xtec.cat\/esc-teresabergada\/wp-content\/uploads\/usu1533\/2024\/01\/WhatsApp-Image-2024-01-31-at-19.05.19-768x768.jpeg 768w, https:\/\/agora.xtec.cat\/esc-teresabergada\/wp-content\/uploads\/usu1533\/2024\/01\/WhatsApp-Image-2024-01-31-at-19.05.19-1536x1536.jpeg 1536w, https:\/\/agora.xtec.cat\/esc-teresabergada\/wp-content\/uploads\/usu1533\/2024\/01\/WhatsApp-Image-2024-01-31-at-19.05.19-2048x2048.jpeg 2048w\" sizes=\"auto, (max-width: 1024px) 100vw, 1024px\" \/><\/a><\/p>\n","protected":false},"excerpt":{"rendered":"<p>El dimarts 30 de gener vam celebrar el Dia de la Pau, un moment significatiu per reflexionar sobre la import\u00e0ncia de la pau al m\u00f3n i com cadasc\u00fa de nosaltres pot contribuir a la construcci\u00f3 d&#8217;un futur m\u00e9s harm\u00f2nic. Aquesta jornada, que se celebra cada&hellip;  <a href=\"https:\/\/agora.xtec.cat\/esc-teresabergada\/portada\/festa-de-la-pau\/\" title=\"Read FESTA DE LA PAU\">Llegeix m\u00e9s\u00bb<\/a><\/p>\n","protected":false},"author":68,"featured_media":11868,"comment_status":"open","ping_status":"closed","sticky":false,"template":"","format":"standard","meta":{"_bbp_topic_count":0,"_bbp_reply_count":0,"_bbp_total_topic_count":0,"_bbp_total_reply_count":0,"_bbp_voice_count":0,"_bbp_anonymous_reply_count":0,"_bbp_topic_count_hidden":0,"_bbp_reply_count_hidden":0,"_bbp_forum_subforum_count":0,"footnotes":""},"categories":[4],"tags":[],"class_list":["post-11867","post","type-post","status-publish","format-standard","has-post-thumbnail","hentry","category-portada"],"post_mailing_queue_ids":[],"_links":{"self":[{"href":"https:\/\/agora.xtec.cat\/esc-teresabergada\/wp-json\/wp\/v2\/posts\/11867","targetHints":{"allow":["GET"]}}],"collection":[{"href":"https:\/\/agora.xtec.cat\/esc-teresabergada\/wp-json\/wp\/v2\/posts"}],"about":[{"href":"https:\/\/agora.xtec.cat\/esc-teresabergada\/wp-json\/wp\/v2\/types\/post"}],"author":[{"embeddable":true,"href":"https:\/\/agora.xtec.cat\/esc-teresabergada\/wp-json\/wp\/v2\/users\/68"}],"replies":[{"embeddable":true,"href":"https:\/\/agora.xtec.cat\/esc-teresabergada\/wp-json\/wp\/v2\/comments?post=11867"}],"version-history":[{"count":2,"href":"https:\/\/agora.xtec.cat\/esc-teresabergada\/wp-json\/wp\/v2\/posts\/11867\/revisions"}],"predecessor-version":[{"id":11873,"href":"https:\/\/agora.xtec.cat\/esc-teresabergada\/wp-json\/wp\/v2\/posts\/11867\/revisions\/11873"}],"wp:featuredmedia":[{"embeddable":true,"href":"https:\/\/agora.xtec.cat\/esc-teresabergada\/wp-json\/wp\/v2\/media\/11868"}],"wp:attachment":[{"href":"https:\/\/agora.xtec.cat\/esc-teresabergada\/wp-json\/wp\/v2\/media?parent=11867"}],"wp:term":[{"taxonomy":"category","embeddable":true,"href":"https:\/\/agora.xtec.cat\/esc-teresabergada\/wp-json\/wp\/v2\/categories?post=11867"},{"taxonomy":"post_tag","embeddable":true,"href":"https:\/\/agora.xtec.cat\/esc-teresabergada\/wp-json\/wp\/v2\/tags?post=11867"}],"curies":[{"name":"wp","href":"https:\/\/api.w.org\/{rel}","templated":true}]}}