{"id":11841,"date":"2024-01-30T21:10:54","date_gmt":"2024-01-30T20:10:54","guid":{"rendered":"https:\/\/agora.xtec.cat\/esc-teresabergada\/?p=11841"},"modified":"2024-01-30T22:43:20","modified_gmt":"2024-01-30T21:43:20","slug":"a-r-t-amb-lletres-majuscules","status":"publish","type":"post","link":"https:\/\/agora.xtec.cat\/esc-teresabergada\/blocs-de-primaria\/6e\/a-r-t-amb-lletres-majuscules\/","title":{"rendered":"A R T amb lletres maj\u00fascules!"},"content":{"rendered":"<p>Acabem el mes de gener i amb ell tanquem els quatre tallers d&#8217;art que vam iniciar el trimestre passat.<\/p>\n<p style=\"text-align: justify\">L&#8217;alumnat de cicle superior ha gaudit aprenent diferents t\u00e8cniques de cal\u00b7ligrafia de la m\u00e0 d&#8217;Oriol Mir\u00f3, personalitzant lletres capitulars, elaborant enquadernacions molt especials per als seus fillols lectors i aprenent a dibuixar parts del cos per al seu propi quadernet d&#8217;anatomia art\u00edstica.<\/p>\n<p style=\"text-align: justify\">Tardes de divendres compartides amb companys de 5\u00e8 i 6\u00e8 on la creativitat, el gaudi, l&#8217;experimentaci\u00f3, l&#8217;observaci\u00f3 i el treball conjunt, han donat pas a les seves creacions d&#8217;art!<\/p>\n<p><a href=\"https:\/\/agora.xtec.cat\/esc-teresabergada\/wp-content\/uploads\/usu1533\/2024\/01\/Captura-de-pantalla-2024-01-30-a-las-22.39.40.png\"><img loading=\"lazy\" decoding=\"async\" class=\"size-full wp-image-11862 alignleft\" src=\"https:\/\/agora.xtec.cat\/esc-teresabergada\/wp-content\/uploads\/usu1533\/2024\/01\/Captura-de-pantalla-2024-01-30-a-las-22.39.40.png\" alt=\"\" width=\"522\" height=\"813\" srcset=\"https:\/\/agora.xtec.cat\/esc-teresabergada\/wp-content\/uploads\/usu1533\/2024\/01\/Captura-de-pantalla-2024-01-30-a-las-22.39.40.png 522w, https:\/\/agora.xtec.cat\/esc-teresabergada\/wp-content\/uploads\/usu1533\/2024\/01\/Captura-de-pantalla-2024-01-30-a-las-22.39.40-193x300.png 193w\" sizes=\"auto, (max-width: 522px) 100vw, 522px\" \/><\/a><\/p>\n<p>&nbsp;<\/p>\n<p>&nbsp;<\/p>\n<p>&nbsp;<\/p>\n<p>&nbsp;<\/p>\n<p>&nbsp;<\/p>\n<p>&nbsp;<\/p>\n<p>&nbsp;<\/p>\n<p>&nbsp;<\/p>\n<p>&nbsp;<\/p>\n<p>&nbsp;<\/p>\n<p>&nbsp;<\/p>\n<p>&nbsp;<\/p>\n<p>&nbsp;<\/p>\n<p>&nbsp;<\/p>\n<p>&nbsp;<\/p>\n<p>&nbsp;<\/p>\n<p><strong><em>L&#8217;art ens dona l&#8217;oportunitat\u00a0 <\/em><\/strong><strong style=\"font-family: inherit;font-size: 1em\"><em>d&#8217;expressar-nos <\/em><\/strong><strong style=\"font-family: inherit;font-size: 1em\"><em>a\u00a0<\/em><\/strong><strong style=\"font-family: inherit;font-size: 1em\"><em>trav\u00e9s d&#8217;ell,\u00a0 <\/em><\/strong><strong style=\"font-family: inherit;font-size: 1em\"><em>per mitj\u00e0 dels sentits i\u00a0<\/em><\/strong><strong style=\"font-family: inherit;font-size: 1em\"><em>de les emocions.<\/em><\/strong><\/p>\n","protected":false},"excerpt":{"rendered":"<p>Acabem el mes de gener i amb ell tanquem els quatre tallers d&#8217;art que vam iniciar el trimestre passat.<br \/>\nL&#8217;alumnat de cicle superior ha gaudit aprenent diferents t\u00e8cniques de cal\u00b7ligrafia de la m\u00e0 d&#8217;Oriol Mir\u00f3, personalitzant lletres capitulars, elaborant enquadernacions molt especials per als seus fillols&hellip;  <a href=\"https:\/\/agora.xtec.cat\/esc-teresabergada\/blocs-de-primaria\/6e\/a-r-t-amb-lletres-majuscules\/\" title=\"Read A R T amb lletres maj\u00fascules!\">Llegeix m\u00e9s\u00bb<\/a><\/p>\n","protected":false},"author":28,"featured_media":11846,"comment_status":"open","ping_status":"closed","sticky":false,"template":"","format":"standard","meta":{"_bbp_topic_count":0,"_bbp_reply_count":0,"_bbp_total_topic_count":0,"_bbp_total_reply_count":0,"_bbp_voice_count":0,"_bbp_anonymous_reply_count":0,"_bbp_topic_count_hidden":0,"_bbp_reply_count_hidden":0,"_bbp_forum_subforum_count":0,"footnotes":""},"categories":[349,240],"tags":[],"class_list":["post-11841","post","type-post","status-publish","format-standard","has-post-thumbnail","hentry","category-5e","category-6e"],"post_mailing_queue_ids":[],"_links":{"self":[{"href":"https:\/\/agora.xtec.cat\/esc-teresabergada\/wp-json\/wp\/v2\/posts\/11841","targetHints":{"allow":["GET"]}}],"collection":[{"href":"https:\/\/agora.xtec.cat\/esc-teresabergada\/wp-json\/wp\/v2\/posts"}],"about":[{"href":"https:\/\/agora.xtec.cat\/esc-teresabergada\/wp-json\/wp\/v2\/types\/post"}],"author":[{"embeddable":true,"href":"https:\/\/agora.xtec.cat\/esc-teresabergada\/wp-json\/wp\/v2\/users\/28"}],"replies":[{"embeddable":true,"href":"https:\/\/agora.xtec.cat\/esc-teresabergada\/wp-json\/wp\/v2\/comments?post=11841"}],"version-history":[{"count":7,"href":"https:\/\/agora.xtec.cat\/esc-teresabergada\/wp-json\/wp\/v2\/posts\/11841\/revisions"}],"predecessor-version":[{"id":11866,"href":"https:\/\/agora.xtec.cat\/esc-teresabergada\/wp-json\/wp\/v2\/posts\/11841\/revisions\/11866"}],"wp:featuredmedia":[{"embeddable":true,"href":"https:\/\/agora.xtec.cat\/esc-teresabergada\/wp-json\/wp\/v2\/media\/11846"}],"wp:attachment":[{"href":"https:\/\/agora.xtec.cat\/esc-teresabergada\/wp-json\/wp\/v2\/media?parent=11841"}],"wp:term":[{"taxonomy":"category","embeddable":true,"href":"https:\/\/agora.xtec.cat\/esc-teresabergada\/wp-json\/wp\/v2\/categories?post=11841"},{"taxonomy":"post_tag","embeddable":true,"href":"https:\/\/agora.xtec.cat\/esc-teresabergada\/wp-json\/wp\/v2\/tags?post=11841"}],"curies":[{"name":"wp","href":"https:\/\/api.w.org\/{rel}","templated":true}]}}