{"id":11833,"date":"2024-01-28T10:34:05","date_gmt":"2024-01-28T09:34:05","guid":{"rendered":"https:\/\/agora.xtec.cat\/esc-teresabergada\/?p=11833"},"modified":"2024-01-28T10:35:05","modified_gmt":"2024-01-28T09:35:05","slug":"iniciem-projecte-ilerkan-de-nou","status":"publish","type":"post","link":"https:\/\/agora.xtec.cat\/esc-teresabergada\/siei\/iniciem-projecte-ilerkan-de-nou\/","title":{"rendered":"INICIEM PROJECTE ILERKAN DE NOU!"},"content":{"rendered":"<p>Tal com es va realitzar l&#8217;any passat, l&#8217;escola Teresa Bergad\u00e0 obre de nou les seves portes per tornar a col\u00b7laborar amb el projecte ILERKAN.\u00a0 La primera sessi\u00f3 va ser la setmana abans de les vacances de Nadal per tal que l&#8217;alumnat pogu\u00e9s recordar les rutines i din\u00e0miques establertes i aix\u00ed poder continuar durant la resta de curs. Aquest projecte ajuda els infants a millorar\u00a0 i desenvolupar les seves habilitats motrius, cognitives, comunicatives i emocionals, sempre partint del vincle que s&#8217;estableix entre els infants i els gossos.<\/p>\n<p>Durant aquest curs realitzarem 7 sessions, dividides en 3 sessions del grup de grans, 3 sessions amb el grup dels petits i una sessi\u00f3 conjunta.<\/p>\n<p>Estem conven\u00e7udes que s&#8217;ho passaran d&#8217;all\u00f2 m\u00e9s b\u00e9!<\/p>\n<p>&nbsp;<\/p>\n<p><a href=\"https:\/\/agora.xtec.cat\/esc-teresabergada\/wp-content\/uploads\/usu1533\/2024\/01\/IMG_20240126_093218-1-scaled.jpg\"><img loading=\"lazy\" decoding=\"async\" class=\"aligncenter wp-image-11835 \" src=\"https:\/\/agora.xtec.cat\/esc-teresabergada\/wp-content\/uploads\/usu1533\/2024\/01\/IMG_20240126_093218-1-1024x637.jpg\" alt=\"\" width=\"510\" height=\"317\" srcset=\"https:\/\/agora.xtec.cat\/esc-teresabergada\/wp-content\/uploads\/usu1533\/2024\/01\/IMG_20240126_093218-1-1024x637.jpg 1024w, https:\/\/agora.xtec.cat\/esc-teresabergada\/wp-content\/uploads\/usu1533\/2024\/01\/IMG_20240126_093218-1-300x187.jpg 300w, https:\/\/agora.xtec.cat\/esc-teresabergada\/wp-content\/uploads\/usu1533\/2024\/01\/IMG_20240126_093218-1-768x478.jpg 768w, https:\/\/agora.xtec.cat\/esc-teresabergada\/wp-content\/uploads\/usu1533\/2024\/01\/IMG_20240126_093218-1-1536x956.jpg 1536w, https:\/\/agora.xtec.cat\/esc-teresabergada\/wp-content\/uploads\/usu1533\/2024\/01\/IMG_20240126_093218-1-2048x1275.jpg 2048w\" sizes=\"auto, (max-width: 510px) 100vw, 510px\" \/><\/a><\/p>\n<p>&nbsp;<\/p>\n<p>&nbsp;<\/p>\n","protected":false},"excerpt":{"rendered":"<p>Tal com es va realitzar l&#8217;any passat, l&#8217;escola Teresa Bergad\u00e0 obre de nou les seves portes per tornar a col\u00b7laborar amb el projecte ILERKAN.\u00a0 La primera sessi\u00f3 va ser la setmana abans de les vacances de Nadal per tal que l&#8217;alumnat pogu\u00e9s recordar les rutines&hellip;  <a href=\"https:\/\/agora.xtec.cat\/esc-teresabergada\/siei\/iniciem-projecte-ilerkan-de-nou\/\" title=\"Read INICIEM PROJECTE ILERKAN DE NOU!\">Llegeix m\u00e9s\u00bb<\/a><\/p>\n","protected":false},"author":75,"featured_media":11835,"comment_status":"open","ping_status":"closed","sticky":false,"template":"","format":"standard","meta":{"_bbp_topic_count":0,"_bbp_reply_count":0,"_bbp_total_topic_count":0,"_bbp_total_reply_count":0,"_bbp_voice_count":0,"_bbp_anonymous_reply_count":0,"_bbp_topic_count_hidden":0,"_bbp_reply_count_hidden":0,"_bbp_forum_subforum_count":0,"footnotes":""},"categories":[636],"tags":[],"class_list":["post-11833","post","type-post","status-publish","format-standard","has-post-thumbnail","hentry","category-siei"],"post_mailing_queue_ids":[],"_links":{"self":[{"href":"https:\/\/agora.xtec.cat\/esc-teresabergada\/wp-json\/wp\/v2\/posts\/11833","targetHints":{"allow":["GET"]}}],"collection":[{"href":"https:\/\/agora.xtec.cat\/esc-teresabergada\/wp-json\/wp\/v2\/posts"}],"about":[{"href":"https:\/\/agora.xtec.cat\/esc-teresabergada\/wp-json\/wp\/v2\/types\/post"}],"author":[{"embeddable":true,"href":"https:\/\/agora.xtec.cat\/esc-teresabergada\/wp-json\/wp\/v2\/users\/75"}],"replies":[{"embeddable":true,"href":"https:\/\/agora.xtec.cat\/esc-teresabergada\/wp-json\/wp\/v2\/comments?post=11833"}],"version-history":[{"count":1,"href":"https:\/\/agora.xtec.cat\/esc-teresabergada\/wp-json\/wp\/v2\/posts\/11833\/revisions"}],"predecessor-version":[{"id":11836,"href":"https:\/\/agora.xtec.cat\/esc-teresabergada\/wp-json\/wp\/v2\/posts\/11833\/revisions\/11836"}],"wp:featuredmedia":[{"embeddable":true,"href":"https:\/\/agora.xtec.cat\/esc-teresabergada\/wp-json\/wp\/v2\/media\/11835"}],"wp:attachment":[{"href":"https:\/\/agora.xtec.cat\/esc-teresabergada\/wp-json\/wp\/v2\/media?parent=11833"}],"wp:term":[{"taxonomy":"category","embeddable":true,"href":"https:\/\/agora.xtec.cat\/esc-teresabergada\/wp-json\/wp\/v2\/categories?post=11833"},{"taxonomy":"post_tag","embeddable":true,"href":"https:\/\/agora.xtec.cat\/esc-teresabergada\/wp-json\/wp\/v2\/tags?post=11833"}],"curies":[{"name":"wp","href":"https:\/\/api.w.org\/{rel}","templated":true}]}}