{"id":11817,"date":"2024-01-21T22:48:48","date_gmt":"2024-01-21T21:48:48","guid":{"rendered":"https:\/\/agora.xtec.cat\/esc-teresabergada\/?p=11817"},"modified":"2024-01-21T22:55:09","modified_gmt":"2024-01-21T21:55:09","slug":"sant-antoni-abat-2","status":"publish","type":"post","link":"https:\/\/agora.xtec.cat\/esc-teresabergada\/general\/sant-antoni-abat-2\/","title":{"rendered":"SANT ANTONI ABAT"},"content":{"rendered":"<p>Sant Antoni Abat, una festa tradicional que ve de lluny. Els Tres Tombs amb les seves carrosses, pensades i creades per fam\u00edlies del poble, cavalls i carros. I seguint amb l&#8217;exposici\u00f3 dels treballs dels nens i de les nenes de l&#8217;Escola Teresa Bergad\u00e0, una tradici\u00f3 que va comen\u00e7ar amb el concurs de dibuix de molt temps enrere. Les festes tradicionals s&#8217;han d&#8217;alimentar per persistir en el temps. Nosaltres, des de l&#8217;escola,\u00a0 ho continuem fent any rere any.<\/p>\n<p>Enguany, els alumnes d&#8217;<strong>Educaci\u00f3 Infantil<\/strong> hem realitzat estampacions amb les mans i hem\u00a0 recreat animals. Ha agradat molt jugar amb les formes i posicions de les mans per aconseguir recon\u00e8ixer l&#8217;animal desitjat. Hem recordat que \u00e9s una festa dedicada a Sant antoni Abat, patr\u00f3 dels animals,<sup id=\"cite_ref-:1_2-1\" class=\"reference\"><\/sup> dels pagesos i dels traginers.<\/p>\n<p>A <strong>Cicle Inicial<\/strong> hem presentat unes creacions amb pedres codines, representant cada fam\u00edlia i relacionant-ho amb el Projecte de La fam\u00edlia que hem treballat a l&#8217;aula.<\/p>\n<p>Els alumnes de <strong>Cicle Mitj\u00e0<\/strong> hem celebrat el dia de Sant Antoni amb una exposici\u00f3 de dibuixos dedicats a la Laika, la gossa pionera dels viatges espacials. Aquesta exposici\u00f3\u00a0 \u00e9s fruit del projecte de l&#8217;Univers que hem estat realitzant amb molta il.lusi\u00f3 al llarg del primer trimestre.<\/p>\n<p>Els primers tallers d&#8217;art d&#8217;aquest curs de <strong>Cicle Superior<\/strong> han girat entorn a l&#8217;exposici\u00f3 d&#8217;Oriol Mir\u00f3 &#8220;Aix\u00f2 \u00e9s Cal\u2022ligrafia&#8221; i, en un d&#8217;ells, hem descobert la fantasia de les lletres capitulars. Les caplletres tenen quelcom d&#8217;especial: bestiari i motius vegetals. Us animeu a trobar els animals que s&#8217;amaguen en aquestes dites de Sant Antoni?<\/p>\n<p>L&#8217;any vinent hi tornarem.<\/p>\n<p><img loading=\"lazy\" decoding=\"async\" class=\"aligncenter\" src=\"https:\/\/agora.xtec.cat\/esc-teresabergada\/wp-content\/uploads\/usu1533\/2024\/01\/fotos-amb-fons-1024x819.png\" width=\"535\" height=\"428\" \/><\/p>\n<p>&nbsp;<\/p>\n","protected":false},"excerpt":{"rendered":"<p>Sant Antoni Abat, una festa tradicional que ve de lluny. Els Tres Tombs amb les seves carrosses, pensades i creades per fam\u00edlies del poble, cavalls i carros. I seguint amb l&#8217;exposici\u00f3 dels treballs dels nens i de les nenes de l&#8217;Escola Teresa Bergad\u00e0, una tradici\u00f3&hellip;  <a href=\"https:\/\/agora.xtec.cat\/esc-teresabergada\/general\/sant-antoni-abat-2\/\" title=\"Read SANT ANTONI ABAT\">Llegeix m\u00e9s\u00bb<\/a><\/p>\n","protected":false},"author":12,"featured_media":11830,"comment_status":"open","ping_status":"closed","sticky":false,"template":"","format":"standard","meta":{"_bbp_topic_count":0,"_bbp_reply_count":0,"_bbp_total_topic_count":0,"_bbp_total_reply_count":0,"_bbp_voice_count":0,"_bbp_anonymous_reply_count":0,"_bbp_topic_count_hidden":0,"_bbp_reply_count_hidden":0,"_bbp_forum_subforum_count":0,"footnotes":""},"categories":[1,4],"tags":[552],"class_list":["post-11817","post","type-post","status-publish","format-standard","has-post-thumbnail","hentry","category-general","category-portada","tag-festes-populars"],"post_mailing_queue_ids":[],"_links":{"self":[{"href":"https:\/\/agora.xtec.cat\/esc-teresabergada\/wp-json\/wp\/v2\/posts\/11817","targetHints":{"allow":["GET"]}}],"collection":[{"href":"https:\/\/agora.xtec.cat\/esc-teresabergada\/wp-json\/wp\/v2\/posts"}],"about":[{"href":"https:\/\/agora.xtec.cat\/esc-teresabergada\/wp-json\/wp\/v2\/types\/post"}],"author":[{"embeddable":true,"href":"https:\/\/agora.xtec.cat\/esc-teresabergada\/wp-json\/wp\/v2\/users\/12"}],"replies":[{"embeddable":true,"href":"https:\/\/agora.xtec.cat\/esc-teresabergada\/wp-json\/wp\/v2\/comments?post=11817"}],"version-history":[{"count":2,"href":"https:\/\/agora.xtec.cat\/esc-teresabergada\/wp-json\/wp\/v2\/posts\/11817\/revisions"}],"predecessor-version":[{"id":11832,"href":"https:\/\/agora.xtec.cat\/esc-teresabergada\/wp-json\/wp\/v2\/posts\/11817\/revisions\/11832"}],"wp:featuredmedia":[{"embeddable":true,"href":"https:\/\/agora.xtec.cat\/esc-teresabergada\/wp-json\/wp\/v2\/media\/11830"}],"wp:attachment":[{"href":"https:\/\/agora.xtec.cat\/esc-teresabergada\/wp-json\/wp\/v2\/media?parent=11817"}],"wp:term":[{"taxonomy":"category","embeddable":true,"href":"https:\/\/agora.xtec.cat\/esc-teresabergada\/wp-json\/wp\/v2\/categories?post=11817"},{"taxonomy":"post_tag","embeddable":true,"href":"https:\/\/agora.xtec.cat\/esc-teresabergada\/wp-json\/wp\/v2\/tags?post=11817"}],"curies":[{"name":"wp","href":"https:\/\/api.w.org\/{rel}","templated":true}]}}