{"id":11810,"date":"2023-12-20T21:05:38","date_gmt":"2023-12-20T20:05:38","guid":{"rendered":"https:\/\/agora.xtec.cat\/esc-teresabergada\/?p=11810"},"modified":"2023-12-22T13:19:54","modified_gmt":"2023-12-22T12:19:54","slug":"lamic-invisible-omple-de-sorpreses-el-nadal-escolar","status":"publish","type":"post","link":"https:\/\/agora.xtec.cat\/esc-teresabergada\/blocs-de-primaria\/6e\/lamic-invisible-omple-de-sorpreses-el-nadal-escolar\/","title":{"rendered":"L&#8217;Amic Invisible Omple de Sorpreses el Nadal Escolar"},"content":{"rendered":"<p style=\"text-align: left;\">Avui, 20 de desembre de 2023, ha estat un dia ple d&#8217;emocions i alegria al cicle superior d&#8217;educaci\u00f3 prim\u00e0ria. Els passadissos s&#8217;han<a href=\"https:\/\/agora.xtec.cat\/esc-teresabergada\/wp-content\/uploads\/usu1533\/2023\/12\/Amic-Invisible-scaled.jpg\"><img loading=\"lazy\" decoding=\"async\" class=\"wp-image-11811 alignright\" src=\"https:\/\/agora.xtec.cat\/esc-teresabergada\/wp-content\/uploads\/usu1533\/2023\/12\/Amic-Invisible-1024x771.jpg\" alt=\"\" width=\"446\" height=\"336\" srcset=\"https:\/\/agora.xtec.cat\/esc-teresabergada\/wp-content\/uploads\/usu1533\/2023\/12\/Amic-Invisible-1024x771.jpg 1024w, https:\/\/agora.xtec.cat\/esc-teresabergada\/wp-content\/uploads\/usu1533\/2023\/12\/Amic-Invisible-300x226.jpg 300w, https:\/\/agora.xtec.cat\/esc-teresabergada\/wp-content\/uploads\/usu1533\/2023\/12\/Amic-Invisible-768x578.jpg 768w, https:\/\/agora.xtec.cat\/esc-teresabergada\/wp-content\/uploads\/usu1533\/2023\/12\/Amic-Invisible-1536x1157.jpg 1536w, https:\/\/agora.xtec.cat\/esc-teresabergada\/wp-content\/uploads\/usu1533\/2023\/12\/Amic-Invisible-2048x1542.jpg 2048w, https:\/\/agora.xtec.cat\/esc-teresabergada\/wp-content\/uploads\/usu1533\/2023\/12\/Amic-Invisible-200x150.jpg 200w\" sizes=\"auto, (max-width: 446px) 100vw, 446px\" \/><\/a> omplert de rialles i xiuxiueigs d&#8217;anticipaci\u00f3, ja que els alumnes s&#8217;han unit per celebrar una tradici\u00f3 especial: <strong>l&#8217;intercanvi de regals<\/strong> de l&#8217;amic invisible.<\/p>\n<p style=\"text-align: left;\">En un acte de generositat i companyonia, l\u2019alumnat va compartir rialles i somriures mentre descobrien qui els havia triat i quin regal els esperava. Per\u00f2 l&#8217;amic invisible no nom\u00e9s tracta de regals, sin\u00f3 tamb\u00e9 de <strong>gestos amables i missatges afectuosos<\/strong>. Els estudiants van expressar la seva gratitud no nom\u00e9s pels obsequis rebuts, sin\u00f3 tamb\u00e9 per l&#8217;oportunitat de celebrar la m\u00e0gia de l&#8217;amistat en aquesta temporada tan especial.<\/p>\n<p style=\"text-align: left;\">En un m\u00f3n que sovint sembla estar en constant moviment, aquests moments especials ens recorden la import\u00e0ncia de parar-nos i apreciar les relacions que formem al llarg de la nostra educaci\u00f3.<\/p>\n<p style=\"text-align: left;\">Aix\u00ed conclou un dia ple d&#8217;alegria i camaraderia al cicle superior d&#8217;educaci\u00f3 prim\u00e0ria. L&#8217;amic invisible ha deixat empremtes inesborrables en els cors dels estudiants, recordant-los que, en aquesta temporada de festivitat, <strong>la m\u00e0gia veritable resideix en l&#8217;amistat<\/strong> i en compartir amb els altres.<\/p>\n","protected":false},"excerpt":{"rendered":"<p>Avui, 20 de desembre de 2023, ha estat un dia ple d&#8217;emocions i alegria al cicle superior d&#8217;educaci\u00f3 prim\u00e0ria. Els passadissos s&#8217;han<a href=\"https:\/\/agora.xtec.cat\/esc-teresabergada\/wp-content\/uploads\/usu1533\/2023\/12\/Amic-Invisible-scaled.jpg\"><\/a> omplert de rialles i xiuxiueigs d&#8217;anticipaci\u00f3, ja que els alumnes s&#8217;han unit per celebrar una tradici\u00f3 especial: l&#8217;intercanvi de regals de l&#8217;amic&hellip;  <a href=\"https:\/\/agora.xtec.cat\/esc-teresabergada\/blocs-de-primaria\/6e\/lamic-invisible-omple-de-sorpreses-el-nadal-escolar\/\" title=\"Read L&#8217;Amic Invisible Omple de Sorpreses el Nadal Escolar\">Llegeix m\u00e9s\u00bb<\/a><\/p>\n","protected":false},"author":1,"featured_media":11811,"comment_status":"open","ping_status":"closed","sticky":false,"template":"","format":"standard","meta":{"_bbp_topic_count":0,"_bbp_reply_count":0,"_bbp_total_topic_count":0,"_bbp_total_reply_count":0,"_bbp_voice_count":0,"_bbp_anonymous_reply_count":0,"_bbp_topic_count_hidden":0,"_bbp_reply_count_hidden":0,"_bbp_forum_subforum_count":0,"footnotes":""},"categories":[349,240],"tags":[],"class_list":["post-11810","post","type-post","status-publish","format-standard","has-post-thumbnail","hentry","category-5e","category-6e"],"post_mailing_queue_ids":[],"_links":{"self":[{"href":"https:\/\/agora.xtec.cat\/esc-teresabergada\/wp-json\/wp\/v2\/posts\/11810","targetHints":{"allow":["GET"]}}],"collection":[{"href":"https:\/\/agora.xtec.cat\/esc-teresabergada\/wp-json\/wp\/v2\/posts"}],"about":[{"href":"https:\/\/agora.xtec.cat\/esc-teresabergada\/wp-json\/wp\/v2\/types\/post"}],"author":[{"embeddable":true,"href":"https:\/\/agora.xtec.cat\/esc-teresabergada\/wp-json\/wp\/v2\/users\/1"}],"replies":[{"embeddable":true,"href":"https:\/\/agora.xtec.cat\/esc-teresabergada\/wp-json\/wp\/v2\/comments?post=11810"}],"version-history":[{"count":3,"href":"https:\/\/agora.xtec.cat\/esc-teresabergada\/wp-json\/wp\/v2\/posts\/11810\/revisions"}],"predecessor-version":[{"id":11814,"href":"https:\/\/agora.xtec.cat\/esc-teresabergada\/wp-json\/wp\/v2\/posts\/11810\/revisions\/11814"}],"wp:featuredmedia":[{"embeddable":true,"href":"https:\/\/agora.xtec.cat\/esc-teresabergada\/wp-json\/wp\/v2\/media\/11811"}],"wp:attachment":[{"href":"https:\/\/agora.xtec.cat\/esc-teresabergada\/wp-json\/wp\/v2\/media?parent=11810"}],"wp:term":[{"taxonomy":"category","embeddable":true,"href":"https:\/\/agora.xtec.cat\/esc-teresabergada\/wp-json\/wp\/v2\/categories?post=11810"},{"taxonomy":"post_tag","embeddable":true,"href":"https:\/\/agora.xtec.cat\/esc-teresabergada\/wp-json\/wp\/v2\/tags?post=11810"}],"curies":[{"name":"wp","href":"https:\/\/api.w.org\/{rel}","templated":true}]}}