{"id":11792,"date":"2023-12-18T15:15:48","date_gmt":"2023-12-18T14:15:48","guid":{"rendered":"https:\/\/agora.xtec.cat\/esc-teresabergada\/?p=11792"},"modified":"2023-12-18T15:15:48","modified_gmt":"2023-12-18T14:15:48","slug":"matinal-de-debats","status":"publish","type":"post","link":"https:\/\/agora.xtec.cat\/esc-teresabergada\/blocs-de-primaria\/6e\/matinal-de-debats\/","title":{"rendered":"&#8220;MATINAL DE DEBATS&#8221;"},"content":{"rendered":"<p style=\"text-align: justify\">A les portes de tancar el primer trimestre escolar, els nois i les noies de CS hem realitzat una activitat de cloenda per a posar en pr\u00e0ctica tot el que hem apr\u00e8s sobre la tipologia textual :<em>&#8220;L&#8217;article d&#8217;opini\u00f3&#8221;.<\/em><\/p>\n<p style=\"text-align: justify\"><em>&#8220;MATINAL DE DEBATS&#8221;<\/em> \u00e9s el nom que hem donat a aquesta bonica pr\u00e0ctica educativa. Ha estat una excel\u00b7lent oportunitat per a debatre, donant la nostra opini\u00f3, sobre temes com: la vacunaci\u00f3, les operacions est\u00e8tiques, el menjar ultraprocessat i l&#8217;alletament dels infants en n\u00e9ixer.<\/p>\n<p style=\"text-align: justify\">Respectar el torn de paraula, fer escolta activa i acceptar idees oposades a les nostres&#8230;s\u00f3n aspectes fonamentals per a aprendre a respectar la llibertat de pensament, un dels pilars de la nostra conviv\u00e8ncia.<\/p>\n<p style=\"text-align: justify\"><em>Pr\u00e0ctiques que ens enriqueixen i sense dubte, ens ensenyen a ser m\u00e9s lliures<\/em>.<\/p>\n<p>Alumnat i professorat de CS<\/p>\n<p><img loading=\"lazy\" decoding=\"async\" class=\"size-medium wp-image-11803 aligncenter\" src=\"https:\/\/agora.xtec.cat\/esc-teresabergada\/wp-content\/uploads\/usu1533\/2023\/12\/Cartell-Matinal-300x300.png\" alt=\"\" width=\"300\" height=\"300\" srcset=\"https:\/\/agora.xtec.cat\/esc-teresabergada\/wp-content\/uploads\/usu1533\/2023\/12\/Cartell-Matinal-300x300.png 300w, https:\/\/agora.xtec.cat\/esc-teresabergada\/wp-content\/uploads\/usu1533\/2023\/12\/Cartell-Matinal-150x150.png 150w, https:\/\/agora.xtec.cat\/esc-teresabergada\/wp-content\/uploads\/usu1533\/2023\/12\/Cartell-Matinal.png 675w\" sizes=\"auto, (max-width: 300px) 100vw, 300px\" \/><\/p>\n","protected":false},"excerpt":{"rendered":"<p>A les portes de tancar el primer trimestre escolar, els nois i les noies de CS hem realitzat una activitat de cloenda per a posar en pr\u00e0ctica tot el que hem apr\u00e8s sobre la tipologia textual :&#8220;L&#8217;article d&#8217;opini\u00f3&#8221;.<br \/>\n&#8220;MATINAL DE DEBATS&#8221; \u00e9s el nom que hem&hellip;  <a href=\"https:\/\/agora.xtec.cat\/esc-teresabergada\/blocs-de-primaria\/6e\/matinal-de-debats\/\" title=\"Read &#8220;MATINAL DE DEBATS&#8221;\">Llegeix m\u00e9s\u00bb<\/a><\/p>\n","protected":false},"author":32,"featured_media":11803,"comment_status":"open","ping_status":"closed","sticky":false,"template":"","format":"standard","meta":{"_bbp_topic_count":0,"_bbp_reply_count":0,"_bbp_total_topic_count":0,"_bbp_total_reply_count":0,"_bbp_voice_count":0,"_bbp_anonymous_reply_count":0,"_bbp_topic_count_hidden":0,"_bbp_reply_count_hidden":0,"_bbp_forum_subforum_count":0,"footnotes":""},"categories":[349,240],"tags":[61,117,70,254],"class_list":["post-11792","post","type-post","status-publish","format-standard","has-post-thumbnail","hentry","category-5e","category-6e","tag-activitats","tag-cicle-superior","tag-projecte","tag-tipologies-textuals"],"post_mailing_queue_ids":[],"_links":{"self":[{"href":"https:\/\/agora.xtec.cat\/esc-teresabergada\/wp-json\/wp\/v2\/posts\/11792","targetHints":{"allow":["GET"]}}],"collection":[{"href":"https:\/\/agora.xtec.cat\/esc-teresabergada\/wp-json\/wp\/v2\/posts"}],"about":[{"href":"https:\/\/agora.xtec.cat\/esc-teresabergada\/wp-json\/wp\/v2\/types\/post"}],"author":[{"embeddable":true,"href":"https:\/\/agora.xtec.cat\/esc-teresabergada\/wp-json\/wp\/v2\/users\/32"}],"replies":[{"embeddable":true,"href":"https:\/\/agora.xtec.cat\/esc-teresabergada\/wp-json\/wp\/v2\/comments?post=11792"}],"version-history":[{"count":6,"href":"https:\/\/agora.xtec.cat\/esc-teresabergada\/wp-json\/wp\/v2\/posts\/11792\/revisions"}],"predecessor-version":[{"id":11805,"href":"https:\/\/agora.xtec.cat\/esc-teresabergada\/wp-json\/wp\/v2\/posts\/11792\/revisions\/11805"}],"wp:featuredmedia":[{"embeddable":true,"href":"https:\/\/agora.xtec.cat\/esc-teresabergada\/wp-json\/wp\/v2\/media\/11803"}],"wp:attachment":[{"href":"https:\/\/agora.xtec.cat\/esc-teresabergada\/wp-json\/wp\/v2\/media?parent=11792"}],"wp:term":[{"taxonomy":"category","embeddable":true,"href":"https:\/\/agora.xtec.cat\/esc-teresabergada\/wp-json\/wp\/v2\/categories?post=11792"},{"taxonomy":"post_tag","embeddable":true,"href":"https:\/\/agora.xtec.cat\/esc-teresabergada\/wp-json\/wp\/v2\/tags?post=11792"}],"curies":[{"name":"wp","href":"https:\/\/api.w.org\/{rel}","templated":true}]}}