{"id":11786,"date":"2023-12-19T18:26:57","date_gmt":"2023-12-19T17:26:57","guid":{"rendered":"https:\/\/agora.xtec.cat\/esc-teresabergada\/?p=11786"},"modified":"2023-12-19T18:29:29","modified_gmt":"2023-12-19T17:29:29","slug":"festival-nadal-2023","status":"publish","type":"post","link":"https:\/\/agora.xtec.cat\/esc-teresabergada\/general\/festival-nadal-2023\/","title":{"rendered":"Festival Nadal 2023"},"content":{"rendered":"<p style=\"text-align: center\">Amb molta il\u00b7lusi\u00f3, l&#8217;escola es transforma durant la temporada de Nadal en un lloc m\u00e0gic i acollidor. Els passadissos ressonen amb rialles i can\u00e7ons de Nadal mentre els alumnes participen en diverses activitats festives. La decoraci\u00f3 amb llums brillants, ornaments artesanals i dibuixos tem\u00e0tics crea un ambient festiu que contagia l&#8217;esperit nadalenc a tots els racons de l&#8217;escola.<\/p>\n<p style=\"text-align: center\">Per\u00f2 a l&#8217;escola el Nadal no nom\u00e9s \u00e9s una celebraci\u00f3 de festivitats, sin\u00f3 tamb\u00e9 una oportunitat per fomentar valors com la generositat, la solidaritat i l&#8217;esperit de comunitat. A trav\u00e9s d&#8217;activitats\u00a0 els nens aprenen la import\u00e0ncia de compartir i ajudar als altres durant aquesta \u00e8poca de l&#8217;any.<\/p>\n<p style=\"text-align: center\">Esperem que gaudiu molt.<\/p>\n<p style=\"text-align: center\">Bones Festes!<\/p>\n<p><a href=\"https:\/\/agora.xtec.cat\/esc-teresabergada\/wp-content\/uploads\/usu1533\/2023\/12\/POSTAL-NADAL-2023-scaled.jpg\"><img loading=\"lazy\" decoding=\"async\" class=\"alignnone wp-image-11806 aligncenter\" src=\"https:\/\/agora.xtec.cat\/esc-teresabergada\/wp-content\/uploads\/usu1533\/2023\/12\/POSTAL-NADAL-2023-1024x1024.jpg\" alt=\"\" width=\"529\" height=\"529\" srcset=\"https:\/\/agora.xtec.cat\/esc-teresabergada\/wp-content\/uploads\/usu1533\/2023\/12\/POSTAL-NADAL-2023-1024x1024.jpg 1024w, https:\/\/agora.xtec.cat\/esc-teresabergada\/wp-content\/uploads\/usu1533\/2023\/12\/POSTAL-NADAL-2023-300x300.jpg 300w, https:\/\/agora.xtec.cat\/esc-teresabergada\/wp-content\/uploads\/usu1533\/2023\/12\/POSTAL-NADAL-2023-150x150.jpg 150w, https:\/\/agora.xtec.cat\/esc-teresabergada\/wp-content\/uploads\/usu1533\/2023\/12\/POSTAL-NADAL-2023-768x768.jpg 768w, https:\/\/agora.xtec.cat\/esc-teresabergada\/wp-content\/uploads\/usu1533\/2023\/12\/POSTAL-NADAL-2023-1536x1536.jpg 1536w, https:\/\/agora.xtec.cat\/esc-teresabergada\/wp-content\/uploads\/usu1533\/2023\/12\/POSTAL-NADAL-2023-2048x2048.jpg 2048w\" sizes=\"auto, (max-width: 529px) 100vw, 529px\" \/><\/a><\/p>\n","protected":false},"excerpt":{"rendered":"<p>Amb molta il\u00b7lusi\u00f3, l&#8217;escola es transforma durant la temporada de Nadal en un lloc m\u00e0gic i acollidor. Els passadissos ressonen amb rialles i can\u00e7ons de Nadal mentre els alumnes participen en diverses activitats festives. La decoraci\u00f3 amb llums brillants, ornaments artesanals i dibuixos tem\u00e0tics crea&hellip;  <a href=\"https:\/\/agora.xtec.cat\/esc-teresabergada\/general\/festival-nadal-2023\/\" title=\"Read Festival Nadal 2023\">Llegeix m\u00e9s\u00bb<\/a><\/p>\n","protected":false},"author":47,"featured_media":11806,"comment_status":"open","ping_status":"closed","sticky":false,"template":"","format":"standard","meta":{"_bbp_topic_count":0,"_bbp_reply_count":0,"_bbp_total_topic_count":0,"_bbp_total_reply_count":0,"_bbp_voice_count":0,"_bbp_anonymous_reply_count":0,"_bbp_topic_count_hidden":0,"_bbp_reply_count_hidden":0,"_bbp_forum_subforum_count":0,"footnotes":""},"categories":[1,4],"tags":[],"class_list":["post-11786","post","type-post","status-publish","format-standard","has-post-thumbnail","hentry","category-general","category-portada"],"post_mailing_queue_ids":[],"_links":{"self":[{"href":"https:\/\/agora.xtec.cat\/esc-teresabergada\/wp-json\/wp\/v2\/posts\/11786","targetHints":{"allow":["GET"]}}],"collection":[{"href":"https:\/\/agora.xtec.cat\/esc-teresabergada\/wp-json\/wp\/v2\/posts"}],"about":[{"href":"https:\/\/agora.xtec.cat\/esc-teresabergada\/wp-json\/wp\/v2\/types\/post"}],"author":[{"embeddable":true,"href":"https:\/\/agora.xtec.cat\/esc-teresabergada\/wp-json\/wp\/v2\/users\/47"}],"replies":[{"embeddable":true,"href":"https:\/\/agora.xtec.cat\/esc-teresabergada\/wp-json\/wp\/v2\/comments?post=11786"}],"version-history":[{"count":6,"href":"https:\/\/agora.xtec.cat\/esc-teresabergada\/wp-json\/wp\/v2\/posts\/11786\/revisions"}],"predecessor-version":[{"id":11809,"href":"https:\/\/agora.xtec.cat\/esc-teresabergada\/wp-json\/wp\/v2\/posts\/11786\/revisions\/11809"}],"wp:featuredmedia":[{"embeddable":true,"href":"https:\/\/agora.xtec.cat\/esc-teresabergada\/wp-json\/wp\/v2\/media\/11806"}],"wp:attachment":[{"href":"https:\/\/agora.xtec.cat\/esc-teresabergada\/wp-json\/wp\/v2\/media?parent=11786"}],"wp:term":[{"taxonomy":"category","embeddable":true,"href":"https:\/\/agora.xtec.cat\/esc-teresabergada\/wp-json\/wp\/v2\/categories?post=11786"},{"taxonomy":"post_tag","embeddable":true,"href":"https:\/\/agora.xtec.cat\/esc-teresabergada\/wp-json\/wp\/v2\/tags?post=11786"}],"curies":[{"name":"wp","href":"https:\/\/api.w.org\/{rel}","templated":true}]}}