{"id":11779,"date":"2023-11-30T13:34:12","date_gmt":"2023-11-30T12:34:12","guid":{"rendered":"https:\/\/agora.xtec.cat\/esc-teresabergada\/?p=11779"},"modified":"2023-11-30T13:34:12","modified_gmt":"2023-11-30T12:34:12","slug":"acte-inaugural-apadrinament-lector-1r-5e","status":"publish","type":"post","link":"https:\/\/agora.xtec.cat\/esc-teresabergada\/blocs-de-primaria\/1r\/acte-inaugural-apadrinament-lector-1r-5e\/","title":{"rendered":"Acte inaugural Apadrinament Lector 1r &#8211; 5\u00e8"},"content":{"rendered":"<p>Aquest mat\u00ed ha tingut lloc l&#8217;acte inaugural d&#8217;Apadrinament lector de l&#8217;alumnat de primer i cinqu\u00e8.<\/p>\n<p>Els nois i noies de 5\u00e8. han pres consci\u00e8ncia del que implica <strong>ser padrina\/padr\u00ed<\/strong>: preparar-se la sessi\u00f3, esdevenir un referent lector i respectar la manera de llegir. Mentre que les <strong>filloles i fillols<\/strong> s&#8217;han comprom\u00e8s a: escoltar els consells, esfor\u00e7ar-se a llegir molt b\u00e9 i deixar-se ajudar.<\/p>\n<p>Ara ens toca esperar el mes de gener per comen\u00e7ar a gaudir de moments de lectura compartits.<\/p>\n<p><img loading=\"lazy\" decoding=\"async\" class=\"aligncenter size-large wp-image-11780\" src=\"https:\/\/agora.xtec.cat\/esc-teresabergada\/wp-content\/uploads\/usu1533\/2023\/11\/IMG_0688-1-1024x768.jpg\" alt=\"\" width=\"1024\" height=\"768\" srcset=\"https:\/\/agora.xtec.cat\/esc-teresabergada\/wp-content\/uploads\/usu1533\/2023\/11\/IMG_0688-1-1024x768.jpg 1024w, https:\/\/agora.xtec.cat\/esc-teresabergada\/wp-content\/uploads\/usu1533\/2023\/11\/IMG_0688-1-300x225.jpg 300w, https:\/\/agora.xtec.cat\/esc-teresabergada\/wp-content\/uploads\/usu1533\/2023\/11\/IMG_0688-1-768x576.jpg 768w, https:\/\/agora.xtec.cat\/esc-teresabergada\/wp-content\/uploads\/usu1533\/2023\/11\/IMG_0688-1-1536x1152.jpg 1536w, https:\/\/agora.xtec.cat\/esc-teresabergada\/wp-content\/uploads\/usu1533\/2023\/11\/IMG_0688-1-2048x1536.jpg 2048w, https:\/\/agora.xtec.cat\/esc-teresabergada\/wp-content\/uploads\/usu1533\/2023\/11\/IMG_0688-1-200x150.jpg 200w\" sizes=\"auto, (max-width: 1024px) 100vw, 1024px\" \/><\/p>\n","protected":false},"excerpt":{"rendered":"<p>Aquest mat\u00ed ha tingut lloc l&#8217;acte inaugural d&#8217;Apadrinament lector de l&#8217;alumnat de primer i cinqu\u00e8.<br \/>\nEls nois i noies de 5\u00e8. han pres consci\u00e8ncia del que implica ser padrina\/padr\u00ed: preparar-se la sessi\u00f3, esdevenir un referent lector i respectar la manera de llegir. Mentre que les filloles&hellip;  <a href=\"https:\/\/agora.xtec.cat\/esc-teresabergada\/blocs-de-primaria\/1r\/acte-inaugural-apadrinament-lector-1r-5e\/\" title=\"Read Acte inaugural Apadrinament Lector 1r &#8211; 5\u00e8\">Llegeix m\u00e9s\u00bb<\/a><\/p>\n","protected":false},"author":1,"featured_media":11780,"comment_status":"open","ping_status":"closed","sticky":false,"template":"","format":"standard","meta":{"_bbp_topic_count":0,"_bbp_reply_count":0,"_bbp_total_topic_count":0,"_bbp_total_reply_count":0,"_bbp_voice_count":0,"_bbp_anonymous_reply_count":0,"_bbp_topic_count_hidden":0,"_bbp_reply_count_hidden":0,"_bbp_forum_subforum_count":0,"footnotes":""},"categories":[348,349],"tags":[],"class_list":["post-11779","post","type-post","status-publish","format-standard","has-post-thumbnail","hentry","category-1r","category-5e"],"post_mailing_queue_ids":[],"_links":{"self":[{"href":"https:\/\/agora.xtec.cat\/esc-teresabergada\/wp-json\/wp\/v2\/posts\/11779","targetHints":{"allow":["GET"]}}],"collection":[{"href":"https:\/\/agora.xtec.cat\/esc-teresabergada\/wp-json\/wp\/v2\/posts"}],"about":[{"href":"https:\/\/agora.xtec.cat\/esc-teresabergada\/wp-json\/wp\/v2\/types\/post"}],"author":[{"embeddable":true,"href":"https:\/\/agora.xtec.cat\/esc-teresabergada\/wp-json\/wp\/v2\/users\/1"}],"replies":[{"embeddable":true,"href":"https:\/\/agora.xtec.cat\/esc-teresabergada\/wp-json\/wp\/v2\/comments?post=11779"}],"version-history":[{"count":1,"href":"https:\/\/agora.xtec.cat\/esc-teresabergada\/wp-json\/wp\/v2\/posts\/11779\/revisions"}],"predecessor-version":[{"id":11781,"href":"https:\/\/agora.xtec.cat\/esc-teresabergada\/wp-json\/wp\/v2\/posts\/11779\/revisions\/11781"}],"wp:featuredmedia":[{"embeddable":true,"href":"https:\/\/agora.xtec.cat\/esc-teresabergada\/wp-json\/wp\/v2\/media\/11780"}],"wp:attachment":[{"href":"https:\/\/agora.xtec.cat\/esc-teresabergada\/wp-json\/wp\/v2\/media?parent=11779"}],"wp:term":[{"taxonomy":"category","embeddable":true,"href":"https:\/\/agora.xtec.cat\/esc-teresabergada\/wp-json\/wp\/v2\/categories?post=11779"},{"taxonomy":"post_tag","embeddable":true,"href":"https:\/\/agora.xtec.cat\/esc-teresabergada\/wp-json\/wp\/v2\/tags?post=11779"}],"curies":[{"name":"wp","href":"https:\/\/api.w.org\/{rel}","templated":true}]}}