{"id":11771,"date":"2023-11-22T15:43:39","date_gmt":"2023-11-22T14:43:39","guid":{"rendered":"https:\/\/agora.xtec.cat\/esc-teresabergada\/?p=11771"},"modified":"2023-11-22T15:48:56","modified_gmt":"2023-11-22T14:48:56","slug":"celebrem-santa-cecilia","status":"publish","type":"post","link":"https:\/\/agora.xtec.cat\/esc-teresabergada\/portada\/celebrem-santa-cecilia\/","title":{"rendered":"Celebrem SANTA CEC\u00cdLIA"},"content":{"rendered":"<p>Novembre \u00e9s el mes de la m\u00fasica, i \u00e9s que el dia 22 se celebra<strong> Santa Cec\u00edlia,<\/strong> patrona de la m\u00fasica i els m\u00fasics. La m\u00fasica forma part de la nostra vida, ens emociona, ens relaxa, ens acompanya i ens ajuda a viure plenament. \u00c9s per aix\u00f2 que avui hem celebrat aquest dia tan especial gaudint de la m\u00fasica en el m\u00e9s rigor\u00f3s directe! Des de guitarres, bateries, pianos, violins, danses\u2026 Els nens i nenes ens han ofert un bonic concert en el que la m\u00fasica n\u2019ha estat la protagonista.<\/p>\n<p>Ha estat una bonica jornada en la que hem pogut compartir coneixement i passi\u00f3.<\/p>\n<p>Moltes gr\u00e0cies artistes i que soni la m\u00fasica!<\/p>\n","protected":false},"excerpt":{"rendered":"<p>Novembre \u00e9s el mes de la m\u00fasica, i \u00e9s que el dia 22 se celebra Santa Cec\u00edlia, patrona de la m\u00fasica i els m\u00fasics. La m\u00fasica forma part de la nostra vida, ens emociona, ens relaxa, ens acompanya i ens ajuda a viure plenament. \u00c9s&hellip;  <a href=\"https:\/\/agora.xtec.cat\/esc-teresabergada\/portada\/celebrem-santa-cecilia\/\" title=\"Read Celebrem SANTA CEC\u00cdLIA\">Llegeix m\u00e9s\u00bb<\/a><\/p>\n","protected":false},"author":60,"featured_media":11775,"comment_status":"open","ping_status":"closed","sticky":false,"template":"","format":"standard","meta":{"_bbp_topic_count":0,"_bbp_reply_count":0,"_bbp_total_topic_count":0,"_bbp_total_reply_count":0,"_bbp_voice_count":0,"_bbp_anonymous_reply_count":0,"_bbp_topic_count_hidden":0,"_bbp_reply_count_hidden":0,"_bbp_forum_subforum_count":0,"footnotes":""},"categories":[104,4],"tags":[],"class_list":["post-11771","post","type-post","status-publish","format-standard","has-post-thumbnail","hentry","category-musica","category-portada"],"post_mailing_queue_ids":[],"_links":{"self":[{"href":"https:\/\/agora.xtec.cat\/esc-teresabergada\/wp-json\/wp\/v2\/posts\/11771","targetHints":{"allow":["GET"]}}],"collection":[{"href":"https:\/\/agora.xtec.cat\/esc-teresabergada\/wp-json\/wp\/v2\/posts"}],"about":[{"href":"https:\/\/agora.xtec.cat\/esc-teresabergada\/wp-json\/wp\/v2\/types\/post"}],"author":[{"embeddable":true,"href":"https:\/\/agora.xtec.cat\/esc-teresabergada\/wp-json\/wp\/v2\/users\/60"}],"replies":[{"embeddable":true,"href":"https:\/\/agora.xtec.cat\/esc-teresabergada\/wp-json\/wp\/v2\/comments?post=11771"}],"version-history":[{"count":1,"href":"https:\/\/agora.xtec.cat\/esc-teresabergada\/wp-json\/wp\/v2\/posts\/11771\/revisions"}],"predecessor-version":[{"id":11773,"href":"https:\/\/agora.xtec.cat\/esc-teresabergada\/wp-json\/wp\/v2\/posts\/11771\/revisions\/11773"}],"wp:featuredmedia":[{"embeddable":true,"href":"https:\/\/agora.xtec.cat\/esc-teresabergada\/wp-json\/wp\/v2\/media\/11775"}],"wp:attachment":[{"href":"https:\/\/agora.xtec.cat\/esc-teresabergada\/wp-json\/wp\/v2\/media?parent=11771"}],"wp:term":[{"taxonomy":"category","embeddable":true,"href":"https:\/\/agora.xtec.cat\/esc-teresabergada\/wp-json\/wp\/v2\/categories?post=11771"},{"taxonomy":"post_tag","embeddable":true,"href":"https:\/\/agora.xtec.cat\/esc-teresabergada\/wp-json\/wp\/v2\/tags?post=11771"}],"curies":[{"name":"wp","href":"https:\/\/api.w.org\/{rel}","templated":true}]}}