{"id":11727,"date":"2023-11-06T19:20:22","date_gmt":"2023-11-06T18:20:22","guid":{"rendered":"https:\/\/agora.xtec.cat\/esc-teresabergada\/?p=11727"},"modified":"2023-11-06T19:23:51","modified_gmt":"2023-11-06T18:23:51","slug":"lessencia-de-la-tradicion","status":"publish","type":"post","link":"https:\/\/agora.xtec.cat\/esc-teresabergada\/portada\/lessencia-de-la-tradicion\/","title":{"rendered":"L&#8217;ess\u00e8ncia de la tradici\u00f3"},"content":{"rendered":"<p style=\"text-align: justify;\"><span style=\"font-weight: 400;\">Com ja \u00e9s tradici\u00f3 a la nostra escola, el 31 d\u2019octubre\u00a0 s\u2019omple de tallers i balls tradicionals. Pel mat\u00ed, els 4 cicles gaudeixen d\u2019un temps relaxat i ple de creativitat realitzant les seg\u00fcents activitats:<\/span><\/p>\n<p style=\"text-align: justify;\"><span style=\"color: #993300;\"><b>Educaci\u00f3 Infantil.<\/b> <\/span><span style=\"font-weight: 400;\">Quadres amb elements naturals, bosses plenes de bocins de tardor, branques vestides de llanes de diferents colors, mandales relaxants d\u2019aquesta estaci\u00f3, m\u00f2bils decoratius amb elements propis de l\u2019estaci\u00f3\u00a0 i fulles convertides en art.<\/span><\/p>\n<p style=\"text-align: justify;\"><span style=\"color: #ffcc00;\"><b>Cicle Inicial.<\/b> <\/span><span style=\"font-weight: 400;\">\u00a0<\/span><span style=\"font-weight: 400;\">Es comparteixen moments entre alumnes de 1r. i 2n. fent un esmorzar de molt propi de l\u2019estaci\u00f3 que estem, utilitzant aliments com: fruits secs, moniato, taronges, ra\u00efm&#8230; <\/span><span style=\"font-weight: 400;\">Es realitzen 4 plats: boletes de moniato i coco, del\u00edcies de xocolata i fruits secs, sucs de taronja i llimona i encenalls de fruites. Tot seguit s&#8217;ha fet l&#8217;esmorzar comunitari al passad\u00eds, on totes i tots han gaudit d&#8217;all\u00f2 preparat.<\/span><\/p>\n<p style=\"text-align: justify;\"><span style=\"color: #ff0000;\"><b>Cicle Mitj\u00e0<\/b><span style=\"font-weight: 400;\">. <\/span><\/span><span style=\"font-weight: 400;\">En el primer taller aprenem a cosir teixint un penjoll decoratiu amb agulles, llana i roba de sac. En el segon, creem una obra d&#8217;art ef\u00edmer de la tardor. Aquests dies hem estat recol.lectant objectes naturals propis d&#8217;aquesta estaci\u00f3 de l&#8217;any i avui, finalment, hem experimentat i creat la nostra pr\u00f2pia obra.<\/span><\/p>\n<p style=\"text-align: justify;\"><span style=\"color: #ff9900;\"><b>Cicle Superior<\/b><\/span><span style=\"font-weight: 400;\"><span style=\"color: #ff9900;\">.<\/span> Les noies i els nois comencen a vestir els arbres del bosquet amb llanes ben gruixudes, a la vegada que a les aules de sis\u00e8 s&#8217;escriuen haikus, poemes breus de tradici\u00f3 japonesa, i a les de cinqu\u00e8 creen composicions amb elements propis de la tardor, les quals passen d\u2019art ef\u00edmer a captures perennes gr\u00e0cies a les fotografies.\u00a0<\/span><\/p>\n<p style=\"text-align: justify;\"><span style=\"font-weight: 400;\">Per la tarda, tota la comunitat educativa gaudim de la posada en escena de les danses tradicionals que amb tanta estima han treballat tot l\u2019alumnat, des d\u2019I3 fins a 6\u00e8.\u00a0<\/span><\/p>\n<p style=\"text-align: justify;\"><span style=\"font-weight: 400;\">I per acabar d\u2019arrodonir el dia, no hi ha res millor que una paperina de castanyes! <\/span><\/p>\n<p><img loading=\"lazy\" decoding=\"async\" class=\"aligncenter wp-image-11728\" src=\"https:\/\/agora.xtec.cat\/esc-teresabergada\/wp-content\/uploads\/usu1533\/2023\/11\/Article-Tardor.png\" alt=\"\" width=\"700\" height=\"394\" srcset=\"https:\/\/agora.xtec.cat\/esc-teresabergada\/wp-content\/uploads\/usu1533\/2023\/11\/Article-Tardor.png 820w, https:\/\/agora.xtec.cat\/esc-teresabergada\/wp-content\/uploads\/usu1533\/2023\/11\/Article-Tardor-300x169.png 300w, https:\/\/agora.xtec.cat\/esc-teresabergada\/wp-content\/uploads\/usu1533\/2023\/11\/Article-Tardor-768x433.png 768w\" sizes=\"auto, (max-width: 700px) 100vw, 700px\" \/><\/p>\n","protected":false},"excerpt":{"rendered":"<p>Com ja \u00e9s tradici\u00f3 a la nostra escola, el 31 d\u2019octubre\u00a0 s\u2019omple de tallers i balls tradicionals. Pel mat\u00ed, els 4 cicles gaudeixen d\u2019un temps relaxat i ple de creativitat realitzant les seg\u00fcents activitats:<br \/>\nEducaci\u00f3 Infantil. Quadres amb elements naturals, bosses plenes de bocins de tardor,&hellip;  <a href=\"https:\/\/agora.xtec.cat\/esc-teresabergada\/portada\/lessencia-de-la-tradicion\/\" title=\"Read L&#8217;ess\u00e8ncia de la tradici\u00f3\">Llegeix m\u00e9s\u00bb<\/a><\/p>\n","protected":false},"author":1,"featured_media":11728,"comment_status":"open","ping_status":"closed","sticky":false,"template":"","format":"standard","meta":{"_bbp_topic_count":0,"_bbp_reply_count":0,"_bbp_total_topic_count":0,"_bbp_total_reply_count":0,"_bbp_voice_count":0,"_bbp_anonymous_reply_count":0,"_bbp_topic_count_hidden":0,"_bbp_reply_count_hidden":0,"_bbp_forum_subforum_count":0,"footnotes":""},"categories":[4],"tags":[],"class_list":["post-11727","post","type-post","status-publish","format-standard","has-post-thumbnail","hentry","category-portada"],"post_mailing_queue_ids":[],"_links":{"self":[{"href":"https:\/\/agora.xtec.cat\/esc-teresabergada\/wp-json\/wp\/v2\/posts\/11727","targetHints":{"allow":["GET"]}}],"collection":[{"href":"https:\/\/agora.xtec.cat\/esc-teresabergada\/wp-json\/wp\/v2\/posts"}],"about":[{"href":"https:\/\/agora.xtec.cat\/esc-teresabergada\/wp-json\/wp\/v2\/types\/post"}],"author":[{"embeddable":true,"href":"https:\/\/agora.xtec.cat\/esc-teresabergada\/wp-json\/wp\/v2\/users\/1"}],"replies":[{"embeddable":true,"href":"https:\/\/agora.xtec.cat\/esc-teresabergada\/wp-json\/wp\/v2\/comments?post=11727"}],"version-history":[{"count":2,"href":"https:\/\/agora.xtec.cat\/esc-teresabergada\/wp-json\/wp\/v2\/posts\/11727\/revisions"}],"predecessor-version":[{"id":11730,"href":"https:\/\/agora.xtec.cat\/esc-teresabergada\/wp-json\/wp\/v2\/posts\/11727\/revisions\/11730"}],"wp:featuredmedia":[{"embeddable":true,"href":"https:\/\/agora.xtec.cat\/esc-teresabergada\/wp-json\/wp\/v2\/media\/11728"}],"wp:attachment":[{"href":"https:\/\/agora.xtec.cat\/esc-teresabergada\/wp-json\/wp\/v2\/media?parent=11727"}],"wp:term":[{"taxonomy":"category","embeddable":true,"href":"https:\/\/agora.xtec.cat\/esc-teresabergada\/wp-json\/wp\/v2\/categories?post=11727"},{"taxonomy":"post_tag","embeddable":true,"href":"https:\/\/agora.xtec.cat\/esc-teresabergada\/wp-json\/wp\/v2\/tags?post=11727"}],"curies":[{"name":"wp","href":"https:\/\/api.w.org\/{rel}","templated":true}]}}