{"id":11716,"date":"2023-11-04T10:36:59","date_gmt":"2023-11-04T09:36:59","guid":{"rendered":"https:\/\/agora.xtec.cat\/esc-teresabergada\/?p=11716"},"modified":"2023-11-04T10:41:24","modified_gmt":"2023-11-04T09:41:24","slug":"visita-duna-experta-en-menstruacio","status":"publish","type":"post","link":"https:\/\/agora.xtec.cat\/esc-teresabergada\/general\/visita-duna-experta-en-menstruacio\/","title":{"rendered":"VISITA D&#8217;UNA EXPERTA&#8230;EN MENSTRUACI\u00d3"},"content":{"rendered":"<p style=\"text-align: justify\">Aqueta setmana, l&#8217;alumnat de cicle superior, ha acabat la jornada escolar amb una visita d&#8217;una experta molt estimulant!<\/p>\n<p style=\"text-align: justify\">La Martina, \u00e9s mestra i va basar el seu TFG en l&#8217;elaboraci\u00f3 d&#8217;una maleta pedag\u00f2gica relacionada amb un tema que cada cop pren m\u00e9s visibilitat: la menstruaci\u00f3.\u00a0Aix\u00ed doncs, lligat amb el projecte del cos hum\u00e0, l&#8217;alumnat s&#8217;ha mostrat encuriosit i interessat. Han sorgit dubtes i s&#8217;han trencat mites al voltant de &#8220;la regla&#8221;.<\/p>\n<p style=\"text-align: justify\">\u00c9s una maleta que ens servir\u00e0 per poder comprendre la import\u00e0ncia de l&#8217;educaci\u00f3 menstrual perqu\u00e8 des de l&#8217;escola considerem que \u00e9s un tema molt important per introduir a l&#8217;aula.<\/p>\n<p style=\"text-align: justify\">Molt\u00edssimes gr\u00e0cies Martina per la teva visita i l&#8217;estona tan agradable i tan educativa que hem passat plegats i plegades.<\/p>\n<p><a href=\"https:\/\/agora.xtec.cat\/esc-teresabergada\/wp-content\/uploads\/usu1533\/2023\/11\/1699088378179.jpg\">\u00a0<\/a><a href=\"https:\/\/agora.xtec.cat\/esc-teresabergada\/wp-content\/uploads\/usu1533\/2023\/11\/Zanele-Muholi-03-520x520-1.jpeg\"><img loading=\"lazy\" decoding=\"async\" class=\"alignnone wp-image-11721\" src=\"https:\/\/agora.xtec.cat\/esc-teresabergada\/wp-content\/uploads\/usu1533\/2023\/11\/Zanele-Muholi-03-520x520-1.jpeg\" alt=\"\" width=\"246\" height=\"246\" srcset=\"https:\/\/agora.xtec.cat\/esc-teresabergada\/wp-content\/uploads\/usu1533\/2023\/11\/Zanele-Muholi-03-520x520-1.jpeg 520w, https:\/\/agora.xtec.cat\/esc-teresabergada\/wp-content\/uploads\/usu1533\/2023\/11\/Zanele-Muholi-03-520x520-1-300x300.jpeg 300w, https:\/\/agora.xtec.cat\/esc-teresabergada\/wp-content\/uploads\/usu1533\/2023\/11\/Zanele-Muholi-03-520x520-1-150x150.jpeg 150w\" sizes=\"auto, (max-width: 246px) 100vw, 246px\" \/><\/a> <a href=\"https:\/\/agora.xtec.cat\/esc-teresabergada\/wp-content\/uploads\/usu1533\/2023\/11\/biblio.jpg\"><img loading=\"lazy\" decoding=\"async\" class=\"alignnone wp-image-11718\" src=\"https:\/\/agora.xtec.cat\/esc-teresabergada\/wp-content\/uploads\/usu1533\/2023\/11\/biblio.jpg\" alt=\"\" width=\"326\" height=\"244\" srcset=\"https:\/\/agora.xtec.cat\/esc-teresabergada\/wp-content\/uploads\/usu1533\/2023\/11\/biblio.jpg 1024w, https:\/\/agora.xtec.cat\/esc-teresabergada\/wp-content\/uploads\/usu1533\/2023\/11\/biblio-300x225.jpg 300w, https:\/\/agora.xtec.cat\/esc-teresabergada\/wp-content\/uploads\/usu1533\/2023\/11\/biblio-768x576.jpg 768w, https:\/\/agora.xtec.cat\/esc-teresabergada\/wp-content\/uploads\/usu1533\/2023\/11\/biblio-200x150.jpg 200w\" sizes=\"auto, (max-width: 326px) 100vw, 326px\" \/> <\/a><a href=\"https:\/\/agora.xtec.cat\/esc-teresabergada\/wp-content\/uploads\/usu1533\/2023\/11\/1699088292794.jpg\"><img loading=\"lazy\" decoding=\"async\" class=\"alignnone wp-image-11720\" src=\"https:\/\/agora.xtec.cat\/esc-teresabergada\/wp-content\/uploads\/usu1533\/2023\/11\/1699088292794.jpg\" alt=\"\" width=\"325\" height=\"244\" srcset=\"https:\/\/agora.xtec.cat\/esc-teresabergada\/wp-content\/uploads\/usu1533\/2023\/11\/1699088292794.jpg 1024w, https:\/\/agora.xtec.cat\/esc-teresabergada\/wp-content\/uploads\/usu1533\/2023\/11\/1699088292794-300x225.jpg 300w, https:\/\/agora.xtec.cat\/esc-teresabergada\/wp-content\/uploads\/usu1533\/2023\/11\/1699088292794-768x576.jpg 768w, https:\/\/agora.xtec.cat\/esc-teresabergada\/wp-content\/uploads\/usu1533\/2023\/11\/1699088292794-200x150.jpg 200w\" sizes=\"auto, (max-width: 325px) 100vw, 325px\" \/><\/a><\/p>\n<p style=\"text-align: right\"><em>Es fundamental analizar la menstruaci\u00f3n m\u00e1s all\u00e1 de sus caracter\u00edsticas biol\u00f3gicas y difundir un tipo de informaci\u00f3n que no olvide los aspectos psicoemocionales y socioculturales de la menstruaci\u00f3n y que no se limite a se\u00f1alar s\u00edntomas negativos sino que, por el contrario, ponga \u00e9nfasis en la menstruaci\u00f3n como posibilidad para aprender a leer nuestros propios cuerpos y generar autoconocimiento. <\/em><\/p>\n<p style=\"text-align: right\"><em>(<\/em>Rohatsch)<\/p>\n","protected":false},"excerpt":{"rendered":"<p>Aqueta setmana, l&#8217;alumnat de cicle superior, ha acabat la jornada escolar amb una visita d&#8217;una experta molt estimulant!<br \/>\nLa Martina, \u00e9s mestra i va basar el seu TFG en l&#8217;elaboraci\u00f3 d&#8217;una maleta pedag\u00f2gica relacionada amb un tema que cada cop pren m\u00e9s visibilitat: la menstruaci\u00f3.\u00a0Aix\u00ed doncs,&hellip;  <a href=\"https:\/\/agora.xtec.cat\/esc-teresabergada\/general\/visita-duna-experta-en-menstruacio\/\" title=\"Read VISITA D&#8217;UNA EXPERTA&#8230;EN MENSTRUACI\u00d3\">Llegeix m\u00e9s\u00bb<\/a><\/p>\n","protected":false},"author":28,"featured_media":11717,"comment_status":"open","ping_status":"closed","sticky":false,"template":"","format":"standard","meta":{"_bbp_topic_count":0,"_bbp_reply_count":0,"_bbp_total_topic_count":0,"_bbp_total_reply_count":0,"_bbp_voice_count":0,"_bbp_anonymous_reply_count":0,"_bbp_topic_count_hidden":0,"_bbp_reply_count_hidden":0,"_bbp_forum_subforum_count":0,"footnotes":""},"categories":[349,240,1],"tags":[],"class_list":["post-11716","post","type-post","status-publish","format-standard","has-post-thumbnail","hentry","category-5e","category-6e","category-general"],"post_mailing_queue_ids":[],"_links":{"self":[{"href":"https:\/\/agora.xtec.cat\/esc-teresabergada\/wp-json\/wp\/v2\/posts\/11716","targetHints":{"allow":["GET"]}}],"collection":[{"href":"https:\/\/agora.xtec.cat\/esc-teresabergada\/wp-json\/wp\/v2\/posts"}],"about":[{"href":"https:\/\/agora.xtec.cat\/esc-teresabergada\/wp-json\/wp\/v2\/types\/post"}],"author":[{"embeddable":true,"href":"https:\/\/agora.xtec.cat\/esc-teresabergada\/wp-json\/wp\/v2\/users\/28"}],"replies":[{"embeddable":true,"href":"https:\/\/agora.xtec.cat\/esc-teresabergada\/wp-json\/wp\/v2\/comments?post=11716"}],"version-history":[{"count":6,"href":"https:\/\/agora.xtec.cat\/esc-teresabergada\/wp-json\/wp\/v2\/posts\/11716\/revisions"}],"predecessor-version":[{"id":11726,"href":"https:\/\/agora.xtec.cat\/esc-teresabergada\/wp-json\/wp\/v2\/posts\/11716\/revisions\/11726"}],"wp:featuredmedia":[{"embeddable":true,"href":"https:\/\/agora.xtec.cat\/esc-teresabergada\/wp-json\/wp\/v2\/media\/11717"}],"wp:attachment":[{"href":"https:\/\/agora.xtec.cat\/esc-teresabergada\/wp-json\/wp\/v2\/media?parent=11716"}],"wp:term":[{"taxonomy":"category","embeddable":true,"href":"https:\/\/agora.xtec.cat\/esc-teresabergada\/wp-json\/wp\/v2\/categories?post=11716"},{"taxonomy":"post_tag","embeddable":true,"href":"https:\/\/agora.xtec.cat\/esc-teresabergada\/wp-json\/wp\/v2\/tags?post=11716"}],"curies":[{"name":"wp","href":"https:\/\/api.w.org\/{rel}","templated":true}]}}