{"id":11701,"date":"2023-11-01T10:22:18","date_gmt":"2023-11-01T09:22:18","guid":{"rendered":"https:\/\/agora.xtec.cat\/esc-teresabergada\/?p=11701"},"modified":"2023-11-03T21:43:15","modified_gmt":"2023-11-03T20:43:15","slug":"tallers-de-tardor-balls-i-castanyada","status":"publish","type":"post","link":"https:\/\/agora.xtec.cat\/esc-teresabergada\/blocs-de-primaria\/6e\/tallers-de-tardor-balls-i-castanyada\/","title":{"rendered":"Tallers de tardor, balls i Castanyada"},"content":{"rendered":"<p>El 31 d&#8217;octubre, a l&#8217;escola, la m\u00e0gia de la tardor ha arribat a 5\u00e8 curs. Els alumnes han explorat els misteris de l&#8217;estaci\u00f3 mitjan\u00e7ant <strong>composicions ef\u00edmeres<\/strong>, homenatjant l&#8217;esplendor fugisser de la naturalesa tardorenca. Al mateix temps, a 6\u00e8 curs, s&#8217;han submergit en el m\u00f3n dels <strong>haikus<\/strong>, capturant en tres l\u00ednies profundes i eternes reflexions sobre la vida mateixa, que han emergit com les fulles caigudes. Despr\u00e9s, tot el cicle superior ha embolicat alguns dels arbres de l&#8217;escola amb llanes de colors, donant un toc encantador i ple de color al pati.<\/p>\n<p>A la tarda, l&#8217;emoci\u00f3 ha crescut amb l&#8217;arribada dels <strong>balls de tardor<\/strong> i la <strong>Castanyada<\/strong>. Els alumnes de tots els nivells s&#8217;han reunit al pavell\u00f3 esportiu, omplint l&#8217;aire amb rialles i, m\u00e9s tard, amb la dol\u00e7a frag\u00e0ncia de les castanyes torrades al pati de l&#8217;escola.<\/p>\n<p>Ha estat un dia de joia, de compartir i d&#8217;apreciar l&#8217;ess\u00e8ncia de l&#8217;estaci\u00f3, mentre el vent xiuxiueja secrets de les fulles que cauen i els colors canvien, assenyalant la <strong>transici\u00f3 cap a l&#8217;hivern<\/strong>.<\/p>\n<p><a href=\"https:\/\/agora.xtec.cat\/esc-teresabergada\/wp-content\/uploads\/usu1533\/2023\/11\/6.jpg\"><img loading=\"lazy\" decoding=\"async\" class=\"wp-image-11713 aligncenter\" src=\"https:\/\/agora.xtec.cat\/esc-teresabergada\/wp-content\/uploads\/usu1533\/2023\/11\/6-1007x1024.jpg\" alt=\"\" width=\"325\" height=\"330\" srcset=\"https:\/\/agora.xtec.cat\/esc-teresabergada\/wp-content\/uploads\/usu1533\/2023\/11\/6-1007x1024.jpg 1007w, https:\/\/agora.xtec.cat\/esc-teresabergada\/wp-content\/uploads\/usu1533\/2023\/11\/6-295x300.jpg 295w, https:\/\/agora.xtec.cat\/esc-teresabergada\/wp-content\/uploads\/usu1533\/2023\/11\/6-768x781.jpg 768w, https:\/\/agora.xtec.cat\/esc-teresabergada\/wp-content\/uploads\/usu1533\/2023\/11\/6.jpg 1340w\" sizes=\"auto, (max-width: 325px) 100vw, 325px\" \/><\/a><\/p>\n","protected":false},"excerpt":{"rendered":"<p>El 31 d&#8217;octubre, a l&#8217;escola, la m\u00e0gia de la tardor ha arribat a 5\u00e8 curs. Els alumnes han explorat els misteris de l&#8217;estaci\u00f3 mitjan\u00e7ant composicions ef\u00edmeres, homenatjant l&#8217;esplendor fugisser de la naturalesa tardorenca. Al mateix temps, a 6\u00e8 curs, s&#8217;han submergit en el m\u00f3n dels&hellip;  <a href=\"https:\/\/agora.xtec.cat\/esc-teresabergada\/blocs-de-primaria\/6e\/tallers-de-tardor-balls-i-castanyada\/\" title=\"Read Tallers de tardor, balls i Castanyada\">Llegeix m\u00e9s\u00bb<\/a><\/p>\n","protected":false},"author":1,"featured_media":11713,"comment_status":"open","ping_status":"closed","sticky":false,"template":"","format":"standard","meta":{"_bbp_topic_count":0,"_bbp_reply_count":0,"_bbp_total_topic_count":0,"_bbp_total_reply_count":0,"_bbp_voice_count":0,"_bbp_anonymous_reply_count":0,"_bbp_topic_count_hidden":0,"_bbp_reply_count_hidden":0,"_bbp_forum_subforum_count":0,"footnotes":""},"categories":[349,240],"tags":[],"class_list":["post-11701","post","type-post","status-publish","format-standard","has-post-thumbnail","hentry","category-5e","category-6e"],"post_mailing_queue_ids":[],"_links":{"self":[{"href":"https:\/\/agora.xtec.cat\/esc-teresabergada\/wp-json\/wp\/v2\/posts\/11701","targetHints":{"allow":["GET"]}}],"collection":[{"href":"https:\/\/agora.xtec.cat\/esc-teresabergada\/wp-json\/wp\/v2\/posts"}],"about":[{"href":"https:\/\/agora.xtec.cat\/esc-teresabergada\/wp-json\/wp\/v2\/types\/post"}],"author":[{"embeddable":true,"href":"https:\/\/agora.xtec.cat\/esc-teresabergada\/wp-json\/wp\/v2\/users\/1"}],"replies":[{"embeddable":true,"href":"https:\/\/agora.xtec.cat\/esc-teresabergada\/wp-json\/wp\/v2\/comments?post=11701"}],"version-history":[{"count":5,"href":"https:\/\/agora.xtec.cat\/esc-teresabergada\/wp-json\/wp\/v2\/posts\/11701\/revisions"}],"predecessor-version":[{"id":11715,"href":"https:\/\/agora.xtec.cat\/esc-teresabergada\/wp-json\/wp\/v2\/posts\/11701\/revisions\/11715"}],"wp:featuredmedia":[{"embeddable":true,"href":"https:\/\/agora.xtec.cat\/esc-teresabergada\/wp-json\/wp\/v2\/media\/11713"}],"wp:attachment":[{"href":"https:\/\/agora.xtec.cat\/esc-teresabergada\/wp-json\/wp\/v2\/media?parent=11701"}],"wp:term":[{"taxonomy":"category","embeddable":true,"href":"https:\/\/agora.xtec.cat\/esc-teresabergada\/wp-json\/wp\/v2\/categories?post=11701"},{"taxonomy":"post_tag","embeddable":true,"href":"https:\/\/agora.xtec.cat\/esc-teresabergada\/wp-json\/wp\/v2\/tags?post=11701"}],"curies":[{"name":"wp","href":"https:\/\/api.w.org\/{rel}","templated":true}]}}