{"id":11692,"date":"2023-10-29T21:10:18","date_gmt":"2023-10-29T20:10:18","guid":{"rendered":"https:\/\/agora.xtec.cat\/esc-teresabergada\/?p=11692"},"modified":"2023-11-01T09:57:15","modified_gmt":"2023-11-01T08:57:15","slug":"sortida-a-laula-rural-horta-de-pinyana","status":"publish","type":"post","link":"https:\/\/agora.xtec.cat\/esc-teresabergada\/infantil\/sortida-a-laula-rural-horta-de-pinyana\/","title":{"rendered":"SORTIDA A L&#8217;AULA RURAL HORTA DE PINYANA."},"content":{"rendered":"<p><a href=\"https:\/\/agora.xtec.cat\/esc-teresabergada\/wp-content\/uploads\/usu1533\/2023\/10\/horta--scaled.jpg\"><img loading=\"lazy\" decoding=\"async\" class=\"wp-image-11693 aligncenter\" src=\"https:\/\/agora.xtec.cat\/esc-teresabergada\/wp-content\/uploads\/usu1533\/2023\/10\/horta--1024x478.jpg\" alt=\"\" width=\"508\" height=\"237\" srcset=\"https:\/\/agora.xtec.cat\/esc-teresabergada\/wp-content\/uploads\/usu1533\/2023\/10\/horta--1024x478.jpg 1024w, https:\/\/agora.xtec.cat\/esc-teresabergada\/wp-content\/uploads\/usu1533\/2023\/10\/horta--300x140.jpg 300w, https:\/\/agora.xtec.cat\/esc-teresabergada\/wp-content\/uploads\/usu1533\/2023\/10\/horta--768x358.jpg 768w, https:\/\/agora.xtec.cat\/esc-teresabergada\/wp-content\/uploads\/usu1533\/2023\/10\/horta--1536x717.jpg 1536w, https:\/\/agora.xtec.cat\/esc-teresabergada\/wp-content\/uploads\/usu1533\/2023\/10\/horta--2048x956.jpg 2048w\" sizes=\"auto, (max-width: 508px) 100vw, 508px\" \/><\/a><\/p>\n<p>Aquest divendres, 27 d&#8217;octubre, hem fet la primera sortida d&#8217;aquest curs. Ha estat una sortida d&#8217;observaci\u00f3 de l&#8217;entorn i dels canvis de la natura a la tardor. Els alumnes de I3 i I4 han pogut visitar els animals de granja i els alumnes de I5 viure el proc\u00e9s d&#8217;elaboraci\u00f3 de la melmelada de poma. Un dia de conviv\u00e8ncia, de natura i de valors.<\/p>\n<p>*<em>Us animem a veure les fotografies a l&#8217;enlla\u00e7 que us vam fer arribar.<\/em><\/p>\n","protected":false},"excerpt":{"rendered":"<p><a href=\"https:\/\/agora.xtec.cat\/esc-teresabergada\/wp-content\/uploads\/usu1533\/2023\/10\/horta--scaled.jpg\"><\/a><br \/>\nAquest divendres, 27 d&#8217;octubre, hem fet la primera sortida d&#8217;aquest curs. Ha estat una sortida d&#8217;observaci\u00f3 de l&#8217;entorn i dels canvis de la natura a la tardor. Els alumnes de I3 i I4 han pogut visitar els animals de granja i els alumnes de&hellip;  <a href=\"https:\/\/agora.xtec.cat\/esc-teresabergada\/infantil\/sortida-a-laula-rural-horta-de-pinyana\/\" title=\"Read SORTIDA A L&#8217;AULA RURAL HORTA DE PINYANA.\">Llegeix m\u00e9s\u00bb<\/a><\/p>\n","protected":false},"author":12,"featured_media":11693,"comment_status":"open","ping_status":"closed","sticky":false,"template":"","format":"standard","meta":{"_bbp_topic_count":0,"_bbp_reply_count":0,"_bbp_total_topic_count":0,"_bbp_total_reply_count":0,"_bbp_voice_count":0,"_bbp_anonymous_reply_count":0,"_bbp_topic_count_hidden":0,"_bbp_reply_count_hidden":0,"_bbp_forum_subforum_count":0,"footnotes":""},"categories":[515,236,251,2],"tags":[121,123],"class_list":["post-11692","post","type-post","status-publish","format-standard","has-post-thumbnail","hentry","category-i3","category-i4","category-i5","category-infantil","tag-educacio-infantil","tag-sortida"],"post_mailing_queue_ids":[],"_links":{"self":[{"href":"https:\/\/agora.xtec.cat\/esc-teresabergada\/wp-json\/wp\/v2\/posts\/11692","targetHints":{"allow":["GET"]}}],"collection":[{"href":"https:\/\/agora.xtec.cat\/esc-teresabergada\/wp-json\/wp\/v2\/posts"}],"about":[{"href":"https:\/\/agora.xtec.cat\/esc-teresabergada\/wp-json\/wp\/v2\/types\/post"}],"author":[{"embeddable":true,"href":"https:\/\/agora.xtec.cat\/esc-teresabergada\/wp-json\/wp\/v2\/users\/12"}],"replies":[{"embeddable":true,"href":"https:\/\/agora.xtec.cat\/esc-teresabergada\/wp-json\/wp\/v2\/comments?post=11692"}],"version-history":[{"count":4,"href":"https:\/\/agora.xtec.cat\/esc-teresabergada\/wp-json\/wp\/v2\/posts\/11692\/revisions"}],"predecessor-version":[{"id":11697,"href":"https:\/\/agora.xtec.cat\/esc-teresabergada\/wp-json\/wp\/v2\/posts\/11692\/revisions\/11697"}],"wp:featuredmedia":[{"embeddable":true,"href":"https:\/\/agora.xtec.cat\/esc-teresabergada\/wp-json\/wp\/v2\/media\/11693"}],"wp:attachment":[{"href":"https:\/\/agora.xtec.cat\/esc-teresabergada\/wp-json\/wp\/v2\/media?parent=11692"}],"wp:term":[{"taxonomy":"category","embeddable":true,"href":"https:\/\/agora.xtec.cat\/esc-teresabergada\/wp-json\/wp\/v2\/categories?post=11692"},{"taxonomy":"post_tag","embeddable":true,"href":"https:\/\/agora.xtec.cat\/esc-teresabergada\/wp-json\/wp\/v2\/tags?post=11692"}],"curies":[{"name":"wp","href":"https:\/\/api.w.org\/{rel}","templated":true}]}}