{"id":11686,"date":"2023-10-30T09:30:36","date_gmt":"2023-10-30T08:30:36","guid":{"rendered":"https:\/\/agora.xtec.cat\/esc-teresabergada\/?p=11686"},"modified":"2023-10-30T09:30:36","modified_gmt":"2023-10-30T08:30:36","slug":"sortida-al-parc-astronomic-dager","status":"publish","type":"post","link":"https:\/\/agora.xtec.cat\/esc-teresabergada\/general\/sortida-al-parc-astronomic-dager\/","title":{"rendered":"Sortida al Parc Astron\u00f2mic d&#8217;\u00c0ger"},"content":{"rendered":"<p>El passat dia 11 d\u2019octubre, els nens i nenes de Cicle Mitj\u00e0 vam visitar el Parc Astron\u00f2mic del Montsec. Aquesta primera sortida ha estat molt profitosa ja que est\u00e0 relacionada amb el projecte de l&#8217;univers que estem duent a terme.<\/p>\n<p>En la primera activitat vam poder gaudir de l&#8217;experi\u00e8ncia d&#8217;enlairar el nostre coet! Vam fer enlairar coets fets de diferent material reciclat propulsats per aigua i aire. Tamb\u00e9 vam dur a terme un altre taller molt interessant en el que vam con\u00e8ixer les diferents caracter\u00edstiques dels altres planetes del Sistema Solar. Vam esbrinar quins planetes s\u00f3n rocosos i quins gasosos, quins tenen m\u00e9s sat\u00e8l\u00b7lits o tamb\u00e9 quins s\u00f3n els m\u00e9s c\u00e0lids.<\/p>\n<p>No obstant, l\u2019activitat estrella de la sortida va ser la projecci\u00f3 de la pel\u00b7l\u00edcula Polaris, en la que el nostre amic ping\u00fc\u00ed James acompanyat per en Vladimir, un curi\u00f3s \u00f3s del Pol Nord, han de descobrir, aplicant el m\u00e8tode cient\u00edfic, &#8220;per qu\u00e8 \u00e9s tan llarga la nit als pols&#8221;. Vam poder veure la pel\u00b7l\u00edcula al planetari, amb la seva c\u00fapula de 12 metres de di\u00e0metre que ens feia de pantalla 3D, que ens guardava una sorpresa final: en obrir-se es va fer pal\u00e8s el per qu\u00e8 s\u2019anomema \u201cL\u2019ull del Montsec\u201d.<\/p>\n","protected":false},"excerpt":{"rendered":"<p>El passat dia 11 d\u2019octubre, els nens i nenes de Cicle Mitj\u00e0 vam visitar el Parc Astron\u00f2mic del Montsec. Aquesta primera sortida ha estat molt profitosa ja que est\u00e0 relacionada amb el projecte de l&#8217;univers que estem duent a terme.<br \/>\nEn la primera activitat vam poder&hellip;  <a href=\"https:\/\/agora.xtec.cat\/esc-teresabergada\/general\/sortida-al-parc-astronomic-dager\/\" title=\"Read Sortida al Parc Astron\u00f2mic d&#8217;\u00c0ger\">Llegeix m\u00e9s\u00bb<\/a><\/p>\n","protected":false},"author":60,"featured_media":11687,"comment_status":"open","ping_status":"closed","sticky":false,"template":"","format":"standard","meta":{"_bbp_topic_count":0,"_bbp_reply_count":0,"_bbp_total_topic_count":0,"_bbp_total_reply_count":0,"_bbp_voice_count":0,"_bbp_anonymous_reply_count":0,"_bbp_topic_count_hidden":0,"_bbp_reply_count_hidden":0,"_bbp_forum_subforum_count":0,"footnotes":""},"categories":[238,250,1],"tags":[],"class_list":["post-11686","post","type-post","status-publish","format-standard","has-post-thumbnail","hentry","category-3r","category-4t","category-general"],"post_mailing_queue_ids":[],"_links":{"self":[{"href":"https:\/\/agora.xtec.cat\/esc-teresabergada\/wp-json\/wp\/v2\/posts\/11686","targetHints":{"allow":["GET"]}}],"collection":[{"href":"https:\/\/agora.xtec.cat\/esc-teresabergada\/wp-json\/wp\/v2\/posts"}],"about":[{"href":"https:\/\/agora.xtec.cat\/esc-teresabergada\/wp-json\/wp\/v2\/types\/post"}],"author":[{"embeddable":true,"href":"https:\/\/agora.xtec.cat\/esc-teresabergada\/wp-json\/wp\/v2\/users\/60"}],"replies":[{"embeddable":true,"href":"https:\/\/agora.xtec.cat\/esc-teresabergada\/wp-json\/wp\/v2\/comments?post=11686"}],"version-history":[{"count":5,"href":"https:\/\/agora.xtec.cat\/esc-teresabergada\/wp-json\/wp\/v2\/posts\/11686\/revisions"}],"predecessor-version":[{"id":11699,"href":"https:\/\/agora.xtec.cat\/esc-teresabergada\/wp-json\/wp\/v2\/posts\/11686\/revisions\/11699"}],"wp:featuredmedia":[{"embeddable":true,"href":"https:\/\/agora.xtec.cat\/esc-teresabergada\/wp-json\/wp\/v2\/media\/11687"}],"wp:attachment":[{"href":"https:\/\/agora.xtec.cat\/esc-teresabergada\/wp-json\/wp\/v2\/media?parent=11686"}],"wp:term":[{"taxonomy":"category","embeddable":true,"href":"https:\/\/agora.xtec.cat\/esc-teresabergada\/wp-json\/wp\/v2\/categories?post=11686"},{"taxonomy":"post_tag","embeddable":true,"href":"https:\/\/agora.xtec.cat\/esc-teresabergada\/wp-json\/wp\/v2\/tags?post=11686"}],"curies":[{"name":"wp","href":"https:\/\/api.w.org\/{rel}","templated":true}]}}