{"id":11656,"date":"2023-10-04T13:19:42","date_gmt":"2023-10-04T11:19:42","guid":{"rendered":"https:\/\/agora.xtec.cat\/esc-teresabergada\/?p=11656"},"modified":"2023-10-04T13:35:21","modified_gmt":"2023-10-04T11:35:21","slug":"aixo-es-calligrafia","status":"publish","type":"post","link":"https:\/\/agora.xtec.cat\/esc-teresabergada\/blocs-de-primaria\/6e\/aixo-es-calligrafia\/","title":{"rendered":"Aix\u00f2 \u00e9s cal\u00b7ligrafia"},"content":{"rendered":"<p><span style=\"font-weight: 400;\">En breu comencem amb els tallers d\u2019art a cicle superior, abans per\u00f2 ens ha visitat l\u2019Helena Ayuso, responsable del projecte educatiu del centre d\u2019art La Panera, per presentar-nos la proposta \u201c<\/span><b>Aix\u00f2 \u00e9s cal\u00b7ligrafia<\/b><span style=\"font-weight: 400;\">\u201d del cal\u00b7l\u00edgraf Oriol Mir\u00f3. Ens ha introdu\u00eft en un m\u00f3n on el temps s\u2019atura i ens permet posar els 5 sentits enuna activitat tan quotidiana com \u00e9s l\u2019acte d\u2019escriure.\u00a0<\/span><\/p>\n<p><span style=\"font-weight: 400;\">Escriptura de l\u2019edat mitjana, quaderns de diferents formats i cal\u00b7ligrafia ens acompanyaran al llarg de les quatre propostes d\u2019aquest primer trimestre en l\u2019espai d\u2019art setmanal.\u00a0<\/span><\/p>\n<p><span style=\"font-weight: 400;\">Moltes gr\u00e0cies Helena per encaminar-nos en la descoberta i gaudi de l\u2019art contemporani.<\/span><\/p>\n<p><a href=\"https:\/\/vimeo.com\/user3086747\" target=\"_blank\" rel=\"noopener\"><img loading=\"lazy\" decoding=\"async\" class=\"aligncenter wp-image-11657\" src=\"https:\/\/agora.xtec.cat\/esc-teresabergada\/wp-content\/uploads\/usu1533\/2023\/10\/IMG_0238-1024x768.jpg\" alt=\"\" width=\"750\" height=\"563\" srcset=\"https:\/\/agora.xtec.cat\/esc-teresabergada\/wp-content\/uploads\/usu1533\/2023\/10\/IMG_0238-1024x768.jpg 1024w, https:\/\/agora.xtec.cat\/esc-teresabergada\/wp-content\/uploads\/usu1533\/2023\/10\/IMG_0238-300x225.jpg 300w, https:\/\/agora.xtec.cat\/esc-teresabergada\/wp-content\/uploads\/usu1533\/2023\/10\/IMG_0238-768x576.jpg 768w, https:\/\/agora.xtec.cat\/esc-teresabergada\/wp-content\/uploads\/usu1533\/2023\/10\/IMG_0238-1536x1152.jpg 1536w, https:\/\/agora.xtec.cat\/esc-teresabergada\/wp-content\/uploads\/usu1533\/2023\/10\/IMG_0238-200x150.jpg 200w, https:\/\/agora.xtec.cat\/esc-teresabergada\/wp-content\/uploads\/usu1533\/2023\/10\/IMG_0238.jpg 2016w\" sizes=\"auto, (max-width: 750px) 100vw, 750px\" \/><\/a><\/p>\n<p style=\"text-align: center;\"><em>Si voleu con\u00e8ixer una mica m\u00e9s l&#8217;obra del cal\u00b7l\u00edgraf Joan Mir\u00f3, nom\u00e9s heu de fer clic a la imatge.<\/em><\/p>\n","protected":false},"excerpt":{"rendered":"<p>En breu comencem amb els tallers d\u2019art a cicle superior, abans per\u00f2 ens ha visitat l\u2019Helena Ayuso, responsable del projecte educatiu del centre d\u2019art La Panera, per presentar-nos la proposta \u201cAix\u00f2 \u00e9s cal\u00b7ligrafia\u201d del cal\u00b7l\u00edgraf Oriol Mir\u00f3. Ens ha introdu\u00eft en un m\u00f3n on el&hellip;  <a href=\"https:\/\/agora.xtec.cat\/esc-teresabergada\/blocs-de-primaria\/6e\/aixo-es-calligrafia\/\" title=\"Read Aix\u00f2 \u00e9s cal\u00b7ligrafia\">Llegeix m\u00e9s\u00bb<\/a><\/p>\n","protected":false},"author":1,"featured_media":11657,"comment_status":"open","ping_status":"closed","sticky":false,"template":"","format":"standard","meta":{"_bbp_topic_count":0,"_bbp_reply_count":0,"_bbp_total_topic_count":0,"_bbp_total_reply_count":0,"_bbp_voice_count":0,"_bbp_anonymous_reply_count":0,"_bbp_topic_count_hidden":0,"_bbp_reply_count_hidden":0,"_bbp_forum_subforum_count":0,"footnotes":""},"categories":[349,240],"tags":[],"class_list":["post-11656","post","type-post","status-publish","format-standard","has-post-thumbnail","hentry","category-5e","category-6e"],"post_mailing_queue_ids":[],"_links":{"self":[{"href":"https:\/\/agora.xtec.cat\/esc-teresabergada\/wp-json\/wp\/v2\/posts\/11656","targetHints":{"allow":["GET"]}}],"collection":[{"href":"https:\/\/agora.xtec.cat\/esc-teresabergada\/wp-json\/wp\/v2\/posts"}],"about":[{"href":"https:\/\/agora.xtec.cat\/esc-teresabergada\/wp-json\/wp\/v2\/types\/post"}],"author":[{"embeddable":true,"href":"https:\/\/agora.xtec.cat\/esc-teresabergada\/wp-json\/wp\/v2\/users\/1"}],"replies":[{"embeddable":true,"href":"https:\/\/agora.xtec.cat\/esc-teresabergada\/wp-json\/wp\/v2\/comments?post=11656"}],"version-history":[{"count":3,"href":"https:\/\/agora.xtec.cat\/esc-teresabergada\/wp-json\/wp\/v2\/posts\/11656\/revisions"}],"predecessor-version":[{"id":11661,"href":"https:\/\/agora.xtec.cat\/esc-teresabergada\/wp-json\/wp\/v2\/posts\/11656\/revisions\/11661"}],"wp:featuredmedia":[{"embeddable":true,"href":"https:\/\/agora.xtec.cat\/esc-teresabergada\/wp-json\/wp\/v2\/media\/11657"}],"wp:attachment":[{"href":"https:\/\/agora.xtec.cat\/esc-teresabergada\/wp-json\/wp\/v2\/media?parent=11656"}],"wp:term":[{"taxonomy":"category","embeddable":true,"href":"https:\/\/agora.xtec.cat\/esc-teresabergada\/wp-json\/wp\/v2\/categories?post=11656"},{"taxonomy":"post_tag","embeddable":true,"href":"https:\/\/agora.xtec.cat\/esc-teresabergada\/wp-json\/wp\/v2\/tags?post=11656"}],"curies":[{"name":"wp","href":"https:\/\/api.w.org\/{rel}","templated":true}]}}