{"id":11645,"date":"2023-09-28T17:10:15","date_gmt":"2023-09-28T15:10:15","guid":{"rendered":"https:\/\/agora.xtec.cat\/esc-teresabergada\/?p=11645"},"modified":"2023-09-28T17:10:15","modified_gmt":"2023-09-28T15:10:15","slug":"trobada-inicial-amb-les-families-de-cicle-superior","status":"publish","type":"post","link":"https:\/\/agora.xtec.cat\/esc-teresabergada\/blocs-de-primaria\/5e\/trobada-inicial-amb-les-families-de-cicle-superior\/","title":{"rendered":"Trobada inicial amb les fam\u00edlies de cicle superior"},"content":{"rendered":"<p><span style=\"font-weight: 400;\">Despr\u00e9s d\u2019aquestes primeres setmanes, les quals ens han perm\u00e8s comen\u00e7ar a con\u00e8ixer les vostres filles i els vostres fills, la tarda d\u2019ahir va donar lloc a un primer espai de trobada entre fam\u00edlies i escola.\u00a0<\/span><\/p>\n<p><span style=\"font-weight: 400;\">Tal com v\u00e0rem comentar, adjuntem l\u2019enlla\u00e7 de la presentaci\u00f3 per tal que el pugueu consultar. Com hi podeu accedir? Fent clic a la imatge.<\/span><\/p>\n<p><a href=\"https:\/\/www.canva.com\/design\/DAFvfKAR7cM\/u63Y3WlT7e7Fmgv8477_hg\/view?utm_content=DAFvfKAR7cM&amp;utm_campaign=designshare&amp;utm_medium=link&amp;utm_source=publishsharelink\" target=\"_blank\" rel=\"noopener\"><img loading=\"lazy\" decoding=\"async\" class=\"aligncenter wp-image-11647 size-medium\" src=\"https:\/\/agora.xtec.cat\/esc-teresabergada\/wp-content\/uploads\/usu1533\/2023\/09\/Reunio-inici-de-curs-2324_5e-300x225.jpg\" alt=\"\" width=\"300\" height=\"225\" srcset=\"https:\/\/agora.xtec.cat\/esc-teresabergada\/wp-content\/uploads\/usu1533\/2023\/09\/Reunio-inici-de-curs-2324_5e-300x225.jpg 300w, https:\/\/agora.xtec.cat\/esc-teresabergada\/wp-content\/uploads\/usu1533\/2023\/09\/Reunio-inici-de-curs-2324_5e-200x150.jpg 200w, https:\/\/agora.xtec.cat\/esc-teresabergada\/wp-content\/uploads\/usu1533\/2023\/09\/Reunio-inici-de-curs-2324_5e.jpg 768w\" sizes=\"auto, (max-width: 300px) 100vw, 300px\" \/><\/a><\/p>\n<p><span style=\"font-weight: 400;\">Moltes gr\u00e0cies per l\u2019estona compartida,\u00a0<\/span><\/p>\n<p style=\"text-align: left;\"><span style=\"font-weight: 400;\">L\u2019equip de mestres de cicle superior<\/span><\/p>\n<p><br style=\"font-weight: 400;\" \/><br style=\"font-weight: 400;\" \/><\/p>\n","protected":false},"excerpt":{"rendered":"<p>Despr\u00e9s d\u2019aquestes primeres setmanes, les quals ens han perm\u00e8s comen\u00e7ar a con\u00e8ixer les vostres filles i els vostres fills, la tarda d\u2019ahir va donar lloc a un primer espai de trobada entre fam\u00edlies i escola.\u00a0<br \/>\nTal com v\u00e0rem comentar, adjuntem l\u2019enlla\u00e7 de la presentaci\u00f3 per tal&hellip;  <a href=\"https:\/\/agora.xtec.cat\/esc-teresabergada\/blocs-de-primaria\/5e\/trobada-inicial-amb-les-families-de-cicle-superior\/\" title=\"Read Trobada inicial amb les fam\u00edlies de cicle superior\">Llegeix m\u00e9s\u00bb<\/a><\/p>\n","protected":false},"author":1,"featured_media":11647,"comment_status":"open","ping_status":"closed","sticky":false,"template":"","format":"standard","meta":{"_bbp_topic_count":0,"_bbp_reply_count":0,"_bbp_total_topic_count":0,"_bbp_total_reply_count":0,"_bbp_voice_count":0,"_bbp_anonymous_reply_count":0,"_bbp_topic_count_hidden":0,"_bbp_reply_count_hidden":0,"_bbp_forum_subforum_count":0,"footnotes":""},"categories":[349],"tags":[],"class_list":["post-11645","post","type-post","status-publish","format-standard","has-post-thumbnail","hentry","category-5e"],"post_mailing_queue_ids":[],"_links":{"self":[{"href":"https:\/\/agora.xtec.cat\/esc-teresabergada\/wp-json\/wp\/v2\/posts\/11645","targetHints":{"allow":["GET"]}}],"collection":[{"href":"https:\/\/agora.xtec.cat\/esc-teresabergada\/wp-json\/wp\/v2\/posts"}],"about":[{"href":"https:\/\/agora.xtec.cat\/esc-teresabergada\/wp-json\/wp\/v2\/types\/post"}],"author":[{"embeddable":true,"href":"https:\/\/agora.xtec.cat\/esc-teresabergada\/wp-json\/wp\/v2\/users\/1"}],"replies":[{"embeddable":true,"href":"https:\/\/agora.xtec.cat\/esc-teresabergada\/wp-json\/wp\/v2\/comments?post=11645"}],"version-history":[{"count":1,"href":"https:\/\/agora.xtec.cat\/esc-teresabergada\/wp-json\/wp\/v2\/posts\/11645\/revisions"}],"predecessor-version":[{"id":11648,"href":"https:\/\/agora.xtec.cat\/esc-teresabergada\/wp-json\/wp\/v2\/posts\/11645\/revisions\/11648"}],"wp:featuredmedia":[{"embeddable":true,"href":"https:\/\/agora.xtec.cat\/esc-teresabergada\/wp-json\/wp\/v2\/media\/11647"}],"wp:attachment":[{"href":"https:\/\/agora.xtec.cat\/esc-teresabergada\/wp-json\/wp\/v2\/media?parent=11645"}],"wp:term":[{"taxonomy":"category","embeddable":true,"href":"https:\/\/agora.xtec.cat\/esc-teresabergada\/wp-json\/wp\/v2\/categories?post=11645"},{"taxonomy":"post_tag","embeddable":true,"href":"https:\/\/agora.xtec.cat\/esc-teresabergada\/wp-json\/wp\/v2\/tags?post=11645"}],"curies":[{"name":"wp","href":"https:\/\/api.w.org\/{rel}","templated":true}]}}