{"id":11636,"date":"2023-09-25T21:24:45","date_gmt":"2023-09-25T19:24:45","guid":{"rendered":"https:\/\/agora.xtec.cat\/esc-teresabergada\/?p=11636"},"modified":"2023-09-25T22:15:40","modified_gmt":"2023-09-25T20:15:40","slug":"presentacio-del-curs-a-les-families","status":"publish","type":"post","link":"https:\/\/agora.xtec.cat\/esc-teresabergada\/blocs-de-primaria\/2n\/presentacio-del-curs-a-les-families\/","title":{"rendered":"Presentaci\u00f3 del curs a les fam\u00edlies"},"content":{"rendered":"<p>Com cada inici de curs, donem la benvinguda a totes les fam\u00edlies de Cicle Inicial.<\/p>\n<p>Avui, dia 25 de setembre s&#8217;ha realitzat una trobada explicativa del funcionament general de Cicle Inicial.<\/p>\n<p><a href=\"https:\/\/www.canva.com\/design\/DAFMseVzKPw\/RMUgpG27FE-jktEh8DFUAg\/view?utm_content=DAFMseVzKPw&amp;utm_campaign=designshare&amp;utm_medium=link&amp;utm_source=publishsharelink\">Aqu\u00ed us deixem l&#8217;enlla\u00e7 de la presentaci\u00f3, per poder-la consultar.<\/a><\/p>\n<p>Gr\u00e0cies per la vostra assist\u00e8ncia.<\/p>\n","protected":false},"excerpt":{"rendered":"<p>Com cada inici de curs, donem la benvinguda a totes les fam\u00edlies de Cicle Inicial.<br \/>\nAvui, dia 25 de setembre s&#8217;ha realitzat una trobada explicativa del funcionament general de Cicle Inicial.<br \/>\n<a href=\"https:\/\/www.canva.com\/design\/DAFMseVzKPw\/RMUgpG27FE-jktEh8DFUAg\/view?utm_content=DAFMseVzKPw&amp;utm_campaign=designshare&amp;utm_medium=link&amp;utm_source=publishsharelink\">Aqu\u00ed us deixem l&#8217;enlla\u00e7 de la presentaci\u00f3, per poder-la consultar.<\/a><br \/>\nGr\u00e0cies per la vostra assist\u00e8ncia.<\/p>\n","protected":false},"author":16,"featured_media":11637,"comment_status":"open","ping_status":"closed","sticky":false,"template":"","format":"standard","meta":{"_bbp_topic_count":0,"_bbp_reply_count":0,"_bbp_total_topic_count":0,"_bbp_total_reply_count":0,"_bbp_voice_count":0,"_bbp_anonymous_reply_count":0,"_bbp_topic_count_hidden":0,"_bbp_reply_count_hidden":0,"_bbp_forum_subforum_count":0,"footnotes":""},"categories":[348,153],"tags":[135,267,351],"class_list":["post-11636","post","type-post","status-publish","format-standard","has-post-thumbnail","hentry","category-1r","category-2n","tag-cicle-inicial","tag-families","tag-reunio-inici-de-curs"],"post_mailing_queue_ids":[],"_links":{"self":[{"href":"https:\/\/agora.xtec.cat\/esc-teresabergada\/wp-json\/wp\/v2\/posts\/11636","targetHints":{"allow":["GET"]}}],"collection":[{"href":"https:\/\/agora.xtec.cat\/esc-teresabergada\/wp-json\/wp\/v2\/posts"}],"about":[{"href":"https:\/\/agora.xtec.cat\/esc-teresabergada\/wp-json\/wp\/v2\/types\/post"}],"author":[{"embeddable":true,"href":"https:\/\/agora.xtec.cat\/esc-teresabergada\/wp-json\/wp\/v2\/users\/16"}],"replies":[{"embeddable":true,"href":"https:\/\/agora.xtec.cat\/esc-teresabergada\/wp-json\/wp\/v2\/comments?post=11636"}],"version-history":[{"count":3,"href":"https:\/\/agora.xtec.cat\/esc-teresabergada\/wp-json\/wp\/v2\/posts\/11636\/revisions"}],"predecessor-version":[{"id":11640,"href":"https:\/\/agora.xtec.cat\/esc-teresabergada\/wp-json\/wp\/v2\/posts\/11636\/revisions\/11640"}],"wp:featuredmedia":[{"embeddable":true,"href":"https:\/\/agora.xtec.cat\/esc-teresabergada\/wp-json\/wp\/v2\/media\/11637"}],"wp:attachment":[{"href":"https:\/\/agora.xtec.cat\/esc-teresabergada\/wp-json\/wp\/v2\/media?parent=11636"}],"wp:term":[{"taxonomy":"category","embeddable":true,"href":"https:\/\/agora.xtec.cat\/esc-teresabergada\/wp-json\/wp\/v2\/categories?post=11636"},{"taxonomy":"post_tag","embeddable":true,"href":"https:\/\/agora.xtec.cat\/esc-teresabergada\/wp-json\/wp\/v2\/tags?post=11636"}],"curies":[{"name":"wp","href":"https:\/\/api.w.org\/{rel}","templated":true}]}}