{"id":11571,"date":"2023-06-25T23:41:37","date_gmt":"2023-06-25T21:41:37","guid":{"rendered":"https:\/\/agora.xtec.cat\/esc-teresabergada\/?p=11571"},"modified":"2023-06-25T23:45:02","modified_gmt":"2023-06-25T21:45:02","slug":"comiat-6e-escolafamilies","status":"publish","type":"post","link":"https:\/\/agora.xtec.cat\/esc-teresabergada\/portada\/comiat-6e-escolafamilies\/","title":{"rendered":"COMIAT 6\u00c8: ESCOLA&amp;FAM\u00cdLIES"},"content":{"rendered":"<p>&nbsp;<\/p>\n<p><img loading=\"lazy\" decoding=\"async\" class=\"aligncenter wp-image-11589 size-large\" src=\"https:\/\/agora.xtec.cat\/esc-teresabergada\/wp-content\/uploads\/usu1533\/2023\/06\/5557ac40-94f7-4357-b29d-ffd279317ffa-1024x478.jpg\" alt=\"\" width=\"1024\" height=\"478\" srcset=\"https:\/\/agora.xtec.cat\/esc-teresabergada\/wp-content\/uploads\/usu1533\/2023\/06\/5557ac40-94f7-4357-b29d-ffd279317ffa-1024x478.jpg 1024w, https:\/\/agora.xtec.cat\/esc-teresabergada\/wp-content\/uploads\/usu1533\/2023\/06\/5557ac40-94f7-4357-b29d-ffd279317ffa-300x140.jpg 300w, https:\/\/agora.xtec.cat\/esc-teresabergada\/wp-content\/uploads\/usu1533\/2023\/06\/5557ac40-94f7-4357-b29d-ffd279317ffa-768x359.jpg 768w, https:\/\/agora.xtec.cat\/esc-teresabergada\/wp-content\/uploads\/usu1533\/2023\/06\/5557ac40-94f7-4357-b29d-ffd279317ffa-1536x717.jpg 1536w, https:\/\/agora.xtec.cat\/esc-teresabergada\/wp-content\/uploads\/usu1533\/2023\/06\/5557ac40-94f7-4357-b29d-ffd279317ffa.jpg 2000w\" sizes=\"auto, (max-width: 1024px) 100vw, 1024px\" \/>L&#8217;\u00faltim dia de classe ha estat espl\u00e8ndid!<\/p>\n<p style=\"text-align: justify\">Per comen\u00e7ar, tota l&#8217;escola, alumnes i professors\/res van voler acomiadar-se de l&#8217;alumnat de sis\u00e8 amb el tema de Coti&amp;Coti amb lletra versionada i ball&#8230; va ser una gran actuaci\u00f3!<\/p>\n<p style=\"text-align: justify\">Els m\u00e9s grans de l&#8217;escola tamb\u00e9 van regalar bonics missatges d&#8217;agra\u00efment a tota la comunitat educativa i van realitzar el seu ball, un remix de diferents can\u00e7ons escollides que han estat importants pels i les alumnes, <span style=\"font-family: inherit;font-size: 1em\">assajat amb molta il\u00b7lusi\u00f3 durant els \u00faltims dies del curs.<\/span><\/p>\n<p style=\"text-align: justify\">La festa va continuar al pati, jugant a jocs ben divertits, alguns passats per aigua per tal de poder enganyar a les altes temperatures, organitzat i dinamitzat pel mestre Xavier.<\/p>\n<p style=\"text-align: justify\">A la tarda, amb les fam\u00edlies, es van viure els moments m\u00e9s emotius del dia&#8230; els i les alumnes de 6\u00e8, les tutores, l&#8217;AFA, les fam\u00edlies, l&#8217;equip directiu, l&#8217;ajuntament&#8230; tots van dedicar unes boniques paraules als infants que finalitzen aquesta emocionant etapa a l&#8217;escola.<\/p>\n<p style=\"text-align: justify\">Un bonic homenatge als trenta-set alumnes que s\u00f3n i seran sempre ben especials. Bon viatge!!!<\/p>\n<p style=\"text-align: justify\">Tutores de CS<\/p>\n<p style=\"text-align: justify\"><em>*Trobareu la resta d&#8217;imatges i el v\u00eddeo de comiat a les carpetes compartides.<\/em><\/p>\n","protected":false},"excerpt":{"rendered":"<p>&nbsp;<br \/>\nL&#8217;\u00faltim dia de classe ha estat espl\u00e8ndid!<br \/>\nPer comen\u00e7ar, tota l&#8217;escola, alumnes i professors\/res van voler acomiadar-se de l&#8217;alumnat de sis\u00e8 amb el tema de Coti&amp;Coti amb lletra versionada i ball&#8230; va ser una gran actuaci\u00f3!<br \/>\nEls m\u00e9s grans de l&#8217;escola tamb\u00e9 van regalar bonics missatges d&#8217;agra\u00efment&hellip;  <a href=\"https:\/\/agora.xtec.cat\/esc-teresabergada\/portada\/comiat-6e-escolafamilies\/\" title=\"Read COMIAT 6\u00c8: ESCOLA&amp;FAM\u00cdLIES\">Llegeix m\u00e9s\u00bb<\/a><\/p>\n","protected":false},"author":32,"featured_media":11589,"comment_status":"open","ping_status":"closed","sticky":false,"template":"","format":"standard","meta":{"_bbp_topic_count":0,"_bbp_reply_count":0,"_bbp_total_topic_count":0,"_bbp_total_reply_count":0,"_bbp_voice_count":0,"_bbp_anonymous_reply_count":0,"_bbp_topic_count_hidden":0,"_bbp_reply_count_hidden":0,"_bbp_forum_subforum_count":0,"footnotes":""},"categories":[349,240,4],"tags":[77,267,334],"class_list":["post-11571","post","type-post","status-publish","format-standard","has-post-thumbnail","hentry","category-5e","category-6e","category-portada","tag-escola","tag-families","tag-fi-de-curs"],"post_mailing_queue_ids":[],"_links":{"self":[{"href":"https:\/\/agora.xtec.cat\/esc-teresabergada\/wp-json\/wp\/v2\/posts\/11571","targetHints":{"allow":["GET"]}}],"collection":[{"href":"https:\/\/agora.xtec.cat\/esc-teresabergada\/wp-json\/wp\/v2\/posts"}],"about":[{"href":"https:\/\/agora.xtec.cat\/esc-teresabergada\/wp-json\/wp\/v2\/types\/post"}],"author":[{"embeddable":true,"href":"https:\/\/agora.xtec.cat\/esc-teresabergada\/wp-json\/wp\/v2\/users\/32"}],"replies":[{"embeddable":true,"href":"https:\/\/agora.xtec.cat\/esc-teresabergada\/wp-json\/wp\/v2\/comments?post=11571"}],"version-history":[{"count":4,"href":"https:\/\/agora.xtec.cat\/esc-teresabergada\/wp-json\/wp\/v2\/posts\/11571\/revisions"}],"predecessor-version":[{"id":11598,"href":"https:\/\/agora.xtec.cat\/esc-teresabergada\/wp-json\/wp\/v2\/posts\/11571\/revisions\/11598"}],"wp:featuredmedia":[{"embeddable":true,"href":"https:\/\/agora.xtec.cat\/esc-teresabergada\/wp-json\/wp\/v2\/media\/11589"}],"wp:attachment":[{"href":"https:\/\/agora.xtec.cat\/esc-teresabergada\/wp-json\/wp\/v2\/media?parent=11571"}],"wp:term":[{"taxonomy":"category","embeddable":true,"href":"https:\/\/agora.xtec.cat\/esc-teresabergada\/wp-json\/wp\/v2\/categories?post=11571"},{"taxonomy":"post_tag","embeddable":true,"href":"https:\/\/agora.xtec.cat\/esc-teresabergada\/wp-json\/wp\/v2\/tags?post=11571"}],"curies":[{"name":"wp","href":"https:\/\/api.w.org\/{rel}","templated":true}]}}