{"id":11565,"date":"2023-06-14T22:34:29","date_gmt":"2023-06-14T20:34:29","guid":{"rendered":"https:\/\/agora.xtec.cat\/esc-teresabergada\/?p=11565"},"modified":"2023-06-14T22:34:29","modified_gmt":"2023-06-14T20:34:29","slug":"miquel-arguimbau-a-les-aules","status":"publish","type":"post","link":"https:\/\/agora.xtec.cat\/esc-teresabergada\/general\/miquel-arguimbau-a-les-aules\/","title":{"rendered":"MIQUEL ARGUIMBAU A LES AULES"},"content":{"rendered":"<p style=\"text-align: justify\"><span style=\"font-weight: 400\">El dia 31 de maig les classes de 6\u00e8 vam rebre la visita del Miquel Arguimbau, un escriptor de novel\u00b7les juvenils. <\/span><span style=\"font-weight: 400\">Ell ens va ajudar a resoldre dubtes que ens havien quedat despr\u00e9s de llegir el llibre que porta per nom &#8220;Ai significa amor&#8221;.<\/span><\/p>\n<p><img loading=\"lazy\" decoding=\"async\" class=\"size-medium wp-image-11568 aligncenter\" src=\"https:\/\/agora.xtec.cat\/esc-teresabergada\/wp-content\/uploads\/usu1533\/2023\/06\/llibre-203x300.jpg\" alt=\"\" width=\"203\" height=\"300\" srcset=\"https:\/\/agora.xtec.cat\/esc-teresabergada\/wp-content\/uploads\/usu1533\/2023\/06\/llibre-203x300.jpg 203w, https:\/\/agora.xtec.cat\/esc-teresabergada\/wp-content\/uploads\/usu1533\/2023\/06\/llibre.jpg 675w\" sizes=\"auto, (max-width: 203px) 100vw, 203px\" \/><\/p>\n<p style=\"text-align: justify\"><span style=\"font-weight: 400\">En Miquel ens va fer valorar el seu llibre, volia que cadasc\u00fa de nosaltres li pos\u00e9s una nota i ho argument\u00e9s&#8230; tothom el va valorar bastant b\u00e9. Fins i tot hi havien persones a qui no els hi agraden els llibres d&#8217;aquests temes, per\u00f2 aquest\u00a0 en concret els hi va agradar molt, tamb\u00e9 hi va haver gent que li va posar un 10!<\/span><\/p>\n<p><img loading=\"lazy\" decoding=\"async\" class=\"size-medium wp-image-11567 aligncenter\" src=\"https:\/\/agora.xtec.cat\/esc-teresabergada\/wp-content\/uploads\/usu1533\/2023\/06\/IMG_7491-1-300x225.jpg\" alt=\"\" width=\"300\" height=\"225\" srcset=\"https:\/\/agora.xtec.cat\/esc-teresabergada\/wp-content\/uploads\/usu1533\/2023\/06\/IMG_7491-1-300x225.jpg 300w, https:\/\/agora.xtec.cat\/esc-teresabergada\/wp-content\/uploads\/usu1533\/2023\/06\/IMG_7491-1-1024x768.jpg 1024w, https:\/\/agora.xtec.cat\/esc-teresabergada\/wp-content\/uploads\/usu1533\/2023\/06\/IMG_7491-1-768x576.jpg 768w, https:\/\/agora.xtec.cat\/esc-teresabergada\/wp-content\/uploads\/usu1533\/2023\/06\/IMG_7491-1-1536x1152.jpg 1536w, https:\/\/agora.xtec.cat\/esc-teresabergada\/wp-content\/uploads\/usu1533\/2023\/06\/IMG_7491-1-200x150.jpg 200w, https:\/\/agora.xtec.cat\/esc-teresabergada\/wp-content\/uploads\/usu1533\/2023\/06\/IMG_7491-1.jpg 2016w\" sizes=\"auto, (max-width: 300px) 100vw, 300px\" \/><\/p>\n<p style=\"text-align: justify\"><span style=\"font-weight: 400\">Al final de la sessi\u00f3 ens va signar i dedicar els llibres, tamb\u00e9 ens vam fer una foto amb ell.\u00a0 La seva visita ens va agradar molt! <\/span><span style=\"font-weight: 400\">Volem donar les gr\u00e0cies al Miquel Arguimbau per ensenyar-nos tantes coses i animar-nos amb la lectura i l&#8217;escriptura.<\/span><\/p>\n<p>J\u00falia, Ares i Lua.<\/p>\n","protected":false},"excerpt":{"rendered":"<p>El dia 31 de maig les classes de 6\u00e8 vam rebre la visita del Miquel Arguimbau, un escriptor de novel\u00b7les juvenils. Ell ens va ajudar a resoldre dubtes que ens havien quedat despr\u00e9s de llegir el llibre que porta per nom &#8220;Ai significa amor&#8221;.<\/p>\n<p>En Miquel&hellip;  <a href=\"https:\/\/agora.xtec.cat\/esc-teresabergada\/general\/miquel-arguimbau-a-les-aules\/\" title=\"Read MIQUEL ARGUIMBAU A LES AULES\">Llegeix m\u00e9s\u00bb<\/a><\/p>\n","protected":false},"author":32,"featured_media":11567,"comment_status":"open","ping_status":"closed","sticky":false,"template":"","format":"standard","meta":{"_bbp_topic_count":0,"_bbp_reply_count":0,"_bbp_total_topic_count":0,"_bbp_total_reply_count":0,"_bbp_voice_count":0,"_bbp_anonymous_reply_count":0,"_bbp_topic_count_hidden":0,"_bbp_reply_count_hidden":0,"_bbp_forum_subforum_count":0,"footnotes":""},"categories":[349,240,1],"tags":[523,117,63],"class_list":["post-11565","post","type-post","status-publish","format-standard","has-post-thumbnail","hentry","category-5e","category-6e","category-general","tag-redactoriredactoradelblog","tag-cicle-superior","tag-lectura"],"post_mailing_queue_ids":[],"_links":{"self":[{"href":"https:\/\/agora.xtec.cat\/esc-teresabergada\/wp-json\/wp\/v2\/posts\/11565","targetHints":{"allow":["GET"]}}],"collection":[{"href":"https:\/\/agora.xtec.cat\/esc-teresabergada\/wp-json\/wp\/v2\/posts"}],"about":[{"href":"https:\/\/agora.xtec.cat\/esc-teresabergada\/wp-json\/wp\/v2\/types\/post"}],"author":[{"embeddable":true,"href":"https:\/\/agora.xtec.cat\/esc-teresabergada\/wp-json\/wp\/v2\/users\/32"}],"replies":[{"embeddable":true,"href":"https:\/\/agora.xtec.cat\/esc-teresabergada\/wp-json\/wp\/v2\/comments?post=11565"}],"version-history":[{"count":3,"href":"https:\/\/agora.xtec.cat\/esc-teresabergada\/wp-json\/wp\/v2\/posts\/11565\/revisions"}],"predecessor-version":[{"id":11570,"href":"https:\/\/agora.xtec.cat\/esc-teresabergada\/wp-json\/wp\/v2\/posts\/11565\/revisions\/11570"}],"wp:featuredmedia":[{"embeddable":true,"href":"https:\/\/agora.xtec.cat\/esc-teresabergada\/wp-json\/wp\/v2\/media\/11567"}],"wp:attachment":[{"href":"https:\/\/agora.xtec.cat\/esc-teresabergada\/wp-json\/wp\/v2\/media?parent=11565"}],"wp:term":[{"taxonomy":"category","embeddable":true,"href":"https:\/\/agora.xtec.cat\/esc-teresabergada\/wp-json\/wp\/v2\/categories?post=11565"},{"taxonomy":"post_tag","embeddable":true,"href":"https:\/\/agora.xtec.cat\/esc-teresabergada\/wp-json\/wp\/v2\/tags?post=11565"}],"curies":[{"name":"wp","href":"https:\/\/api.w.org\/{rel}","templated":true}]}}