{"id":11553,"date":"2023-06-06T19:37:07","date_gmt":"2023-06-06T17:37:07","guid":{"rendered":"https:\/\/agora.xtec.cat\/esc-teresabergada\/?p=11553"},"modified":"2023-06-06T19:37:07","modified_gmt":"2023-06-06T17:37:07","slug":"ens-visita-una-experta-per-parlar-de-la-importancia-de-les-vacunes","status":"publish","type":"post","link":"https:\/\/agora.xtec.cat\/esc-teresabergada\/general\/ens-visita-una-experta-per-parlar-de-la-importancia-de-les-vacunes\/","title":{"rendered":"ENS VISITA UNA EXPERTA PER PARLAR  DE LA IMPORT\u00c0NCIA DE LES VACUNES"},"content":{"rendered":"<p class=\"western\" align=\"justify\"><span style=\"font-family: Times New Roman, serif\"><span style=\"font-size: medium\">Avui hem rebut una visita especial a l\u2019escola: La infermera Maria Helena Riu.<\/span><\/span><\/p>\n<p class=\"western\" align=\"justify\"><span style=\"font-family: Times New Roman, serif\"><span style=\"font-size: medium\">Com que al Cicle Mitj\u00e0 estem immersos en el Projecte de la Salut aquesta professional de la salut ha compartit els seus coneixements i experi\u00e8ncies amb nosaltres, fent \u00e8mfasi en la import\u00e0ncia de les vacunes i com aquestes poden prevenir malalties perilloses. <\/span><\/span><\/p>\n<p class=\"western\" align=\"justify\"><span style=\"font-family: Times New Roman, serif\"><span style=\"font-size: medium\">Amb una presentaci\u00f3 amb imatges fant\u00e0stica i un joc motivador ens ha explicat el funcionament b\u00e0sic del sistema immunol\u00f2gic i com les vacunes ajuden a protegir-lo. Ha descrit com les vacunes contenen una versi\u00f3 debilitada o inactivada dels microorganismes causants de malalties, o b\u00e9 una part del seu material gen\u00e8tic, que estimulen el sistema immunol\u00f2gic per crear defenses contra aquests pat\u00f2gens. Ha destacat que les vacunes s\u00f3n segures i efectives, i que han estat una de les eines m\u00e9s importants per prevenir malalties infeccioses al llarg de la hist\u00f2ria.<\/span><\/span><\/p>\n<p class=\"western\" align=\"justify\"><span style=\"font-family: Times New Roman, serif\"><span style=\"font-size: medium\">A m\u00e9s de parlar sobre les vacunes existents, la Maria Helena ha destacat l&#8217;impacte positiu que aquestes innovacions tenen en la prevenci\u00f3 de malalties, incloent-hi els \u00faltims desenvolupaments en vacunes contra la COVID-19 i ha desmentit mites comuns que es prenen com a ver\u00eddics.<\/span><\/span><\/p>\n<p class=\"western\" align=\"justify\"><span style=\"font-family: Times New Roman, serif\"><span style=\"font-size: medium\">Ha estat una experi\u00e8ncia educativa molt enriquidora per als i les alumnes, aquesta oportunitat \u00fanica de rebre informaci\u00f3 de primera m\u00e0 d&#8217;una professional de la salut ha contribu\u00eft a fomentar una mentalitat m\u00e9s informada i responsable respecte a la salut p\u00fablica.<\/span><\/span><\/p>\n<p class=\"western\" align=\"justify\">\u00a0 <a href=\"https:\/\/agora.xtec.cat\/esc-teresabergada\/wp-content\/uploads\/usu1533\/2023\/06\/IMG_3584.jpg\"><img loading=\"lazy\" decoding=\"async\" class=\"alignnone size-large wp-image-11561\" src=\"https:\/\/agora.xtec.cat\/esc-teresabergada\/wp-content\/uploads\/usu1533\/2023\/06\/IMG_3584-1024x768.jpg\" alt=\"\" width=\"1024\" height=\"768\" srcset=\"https:\/\/agora.xtec.cat\/esc-teresabergada\/wp-content\/uploads\/usu1533\/2023\/06\/IMG_3584-1024x768.jpg 1024w, https:\/\/agora.xtec.cat\/esc-teresabergada\/wp-content\/uploads\/usu1533\/2023\/06\/IMG_3584-300x225.jpg 300w, https:\/\/agora.xtec.cat\/esc-teresabergada\/wp-content\/uploads\/usu1533\/2023\/06\/IMG_3584-768x576.jpg 768w, https:\/\/agora.xtec.cat\/esc-teresabergada\/wp-content\/uploads\/usu1533\/2023\/06\/IMG_3584-1536x1152.jpg 1536w, https:\/\/agora.xtec.cat\/esc-teresabergada\/wp-content\/uploads\/usu1533\/2023\/06\/IMG_3584-200x150.jpg 200w, https:\/\/agora.xtec.cat\/esc-teresabergada\/wp-content\/uploads\/usu1533\/2023\/06\/IMG_3584.jpg 2016w\" sizes=\"auto, (max-width: 1024px) 100vw, 1024px\" \/><\/a><\/p>\n","protected":false},"excerpt":{"rendered":"<p>Avui hem rebut una visita especial a l\u2019escola: La infermera Maria Helena Riu.<br \/>\nCom que al Cicle Mitj\u00e0 estem immersos en el Projecte de la Salut aquesta professional de la salut ha compartit els seus coneixements i experi\u00e8ncies amb nosaltres, fent \u00e8mfasi en la import\u00e0ncia de&hellip;  <a href=\"https:\/\/agora.xtec.cat\/esc-teresabergada\/general\/ens-visita-una-experta-per-parlar-de-la-importancia-de-les-vacunes\/\" title=\"Read ENS VISITA UNA EXPERTA PER PARLAR  DE LA IMPORT\u00c0NCIA DE LES VACUNES\">Llegeix m\u00e9s\u00bb<\/a><\/p>\n","protected":false},"author":14,"featured_media":11560,"comment_status":"open","ping_status":"closed","sticky":false,"template":"","format":"standard","meta":{"_bbp_topic_count":0,"_bbp_reply_count":0,"_bbp_total_topic_count":0,"_bbp_total_reply_count":0,"_bbp_voice_count":0,"_bbp_anonymous_reply_count":0,"_bbp_topic_count_hidden":0,"_bbp_reply_count_hidden":0,"_bbp_forum_subforum_count":0,"footnotes":""},"categories":[238,250,1],"tags":[],"class_list":["post-11553","post","type-post","status-publish","format-standard","has-post-thumbnail","hentry","category-3r","category-4t","category-general"],"post_mailing_queue_ids":[],"_links":{"self":[{"href":"https:\/\/agora.xtec.cat\/esc-teresabergada\/wp-json\/wp\/v2\/posts\/11553","targetHints":{"allow":["GET"]}}],"collection":[{"href":"https:\/\/agora.xtec.cat\/esc-teresabergada\/wp-json\/wp\/v2\/posts"}],"about":[{"href":"https:\/\/agora.xtec.cat\/esc-teresabergada\/wp-json\/wp\/v2\/types\/post"}],"author":[{"embeddable":true,"href":"https:\/\/agora.xtec.cat\/esc-teresabergada\/wp-json\/wp\/v2\/users\/14"}],"replies":[{"embeddable":true,"href":"https:\/\/agora.xtec.cat\/esc-teresabergada\/wp-json\/wp\/v2\/comments?post=11553"}],"version-history":[{"count":3,"href":"https:\/\/agora.xtec.cat\/esc-teresabergada\/wp-json\/wp\/v2\/posts\/11553\/revisions"}],"predecessor-version":[{"id":11564,"href":"https:\/\/agora.xtec.cat\/esc-teresabergada\/wp-json\/wp\/v2\/posts\/11553\/revisions\/11564"}],"wp:featuredmedia":[{"embeddable":true,"href":"https:\/\/agora.xtec.cat\/esc-teresabergada\/wp-json\/wp\/v2\/media\/11560"}],"wp:attachment":[{"href":"https:\/\/agora.xtec.cat\/esc-teresabergada\/wp-json\/wp\/v2\/media?parent=11553"}],"wp:term":[{"taxonomy":"category","embeddable":true,"href":"https:\/\/agora.xtec.cat\/esc-teresabergada\/wp-json\/wp\/v2\/categories?post=11553"},{"taxonomy":"post_tag","embeddable":true,"href":"https:\/\/agora.xtec.cat\/esc-teresabergada\/wp-json\/wp\/v2\/tags?post=11553"}],"curies":[{"name":"wp","href":"https:\/\/api.w.org\/{rel}","templated":true}]}}