{"id":11538,"date":"2023-06-01T11:55:41","date_gmt":"2023-06-01T09:55:41","guid":{"rendered":"https:\/\/agora.xtec.cat\/esc-teresabergada\/?p=11538"},"modified":"2023-06-01T11:55:41","modified_gmt":"2023-06-01T09:55:41","slug":"poesia-visual","status":"publish","type":"post","link":"https:\/\/agora.xtec.cat\/esc-teresabergada\/blocs-de-primaria\/6e\/poesia-visual\/","title":{"rendered":"POESIA VISUAL"},"content":{"rendered":"<p style=\"text-align: justify\"><span style=\"font-weight: 400\">A cicle superior, al llarg d\u2019aquest tercer trimestre, estem treballant la poesia visual. \u00c9s una tipologia que mai abans hav\u00edem treballat i \u00e9s molt interessant i divertida.\u00a0<\/span><\/p>\n<p style=\"text-align: justify\"><span style=\"font-weight: 400\">Hi ha diferents maneres de fer una poesia visual, com ara els cal\u00b7ligrames, el lletrisme, lletres associades a una imatge, poemes objecte,&#8230; Es tracta de fer poesia de manera creativa, sobretot a nivell de paraules o idees que estiguin relacionades amb una imatge. \u00c9s una mica complicat per\u00f2 ens ho estem passant molt b\u00e9 fent-ho.<\/span><\/p>\n<p style=\"text-align: justify\"><a href=\"https:\/\/agora.xtec.cat\/esc-teresabergada\/wp-content\/uploads\/usu1533\/2023\/06\/5455_001_l.jpg\"><img loading=\"lazy\" decoding=\"async\" class=\"alignnone  wp-image-11539\" src=\"https:\/\/agora.xtec.cat\/esc-teresabergada\/wp-content\/uploads\/usu1533\/2023\/06\/5455_001_l.jpg\" alt=\"\" width=\"154\" height=\"221\" srcset=\"https:\/\/agora.xtec.cat\/esc-teresabergada\/wp-content\/uploads\/usu1533\/2023\/06\/5455_001_l.jpg 488w, https:\/\/agora.xtec.cat\/esc-teresabergada\/wp-content\/uploads\/usu1533\/2023\/06\/5455_001_l-209x300.jpg 209w\" sizes=\"auto, (max-width: 154px) 100vw, 154px\" \/><\/a> <a href=\"https:\/\/agora.xtec.cat\/esc-teresabergada\/wp-content\/uploads\/usu1533\/2023\/06\/Alejandro-Fabuel-Alcaniz1.jpg\"><img loading=\"lazy\" decoding=\"async\" class=\"alignnone  wp-image-11540\" src=\"https:\/\/agora.xtec.cat\/esc-teresabergada\/wp-content\/uploads\/usu1533\/2023\/06\/Alejandro-Fabuel-Alcaniz1.jpg\" alt=\"\" width=\"290\" height=\"218\" srcset=\"https:\/\/agora.xtec.cat\/esc-teresabergada\/wp-content\/uploads\/usu1533\/2023\/06\/Alejandro-Fabuel-Alcaniz1.jpg 755w, https:\/\/agora.xtec.cat\/esc-teresabergada\/wp-content\/uploads\/usu1533\/2023\/06\/Alejandro-Fabuel-Alcaniz1-300x226.jpg 300w, https:\/\/agora.xtec.cat\/esc-teresabergada\/wp-content\/uploads\/usu1533\/2023\/06\/Alejandro-Fabuel-Alcaniz1-200x150.jpg 200w\" sizes=\"auto, (max-width: 290px) 100vw, 290px\" \/><\/a> <a href=\"https:\/\/agora.xtec.cat\/esc-teresabergada\/wp-content\/uploads\/usu1533\/2023\/06\/db259f123304f852b264e4bba6394f88.jpg\"><img loading=\"lazy\" decoding=\"async\" class=\"alignnone  wp-image-11541\" src=\"https:\/\/agora.xtec.cat\/esc-teresabergada\/wp-content\/uploads\/usu1533\/2023\/06\/db259f123304f852b264e4bba6394f88.jpg\" alt=\"\" width=\"166\" height=\"218\" srcset=\"https:\/\/agora.xtec.cat\/esc-teresabergada\/wp-content\/uploads\/usu1533\/2023\/06\/db259f123304f852b264e4bba6394f88.jpg 768w, https:\/\/agora.xtec.cat\/esc-teresabergada\/wp-content\/uploads\/usu1533\/2023\/06\/db259f123304f852b264e4bba6394f88-229x300.jpg 229w\" sizes=\"auto, (max-width: 166px) 100vw, 166px\" \/><\/a> \u00a0<a href=\"https:\/\/agora.xtec.cat\/esc-teresabergada\/wp-content\/uploads\/usu1533\/2023\/06\/imperdible.jpg\"><img loading=\"lazy\" decoding=\"async\" class=\"alignnone  wp-image-11542\" src=\"https:\/\/agora.xtec.cat\/esc-teresabergada\/wp-content\/uploads\/usu1533\/2023\/06\/imperdible.jpg\" alt=\"\" width=\"339\" height=\"216\" srcset=\"https:\/\/agora.xtec.cat\/esc-teresabergada\/wp-content\/uploads\/usu1533\/2023\/06\/imperdible.jpg 964w, https:\/\/agora.xtec.cat\/esc-teresabergada\/wp-content\/uploads\/usu1533\/2023\/06\/imperdible-300x191.jpg 300w, https:\/\/agora.xtec.cat\/esc-teresabergada\/wp-content\/uploads\/usu1533\/2023\/06\/imperdible-768x490.jpg 768w\" sizes=\"auto, (max-width: 339px) 100vw, 339px\" \/><\/a><\/p>\n<p style=\"text-align: justify\"><span style=\"font-weight: 400\">Quan acabem de treballar-la a la classe cadasc\u00fa en far\u00e0 una d\u2019inventada. Les penjarem, a mode d\u2019exposici\u00f3, davall de les nostres fotos del passad\u00eds de cicle superior. Segur que quedaran totes molt b\u00e9!<\/span><\/p>\n<p>&nbsp;<\/p>\n<p><span style=\"font-weight: 400\">Josep i Paula. \u00a0 \u00a0 \u00a0 \u00a0 \u00a0 <\/span><\/p>\n","protected":false},"excerpt":{"rendered":"<p>A cicle superior, al llarg d\u2019aquest tercer trimestre, estem treballant la poesia visual. \u00c9s una tipologia que mai abans hav\u00edem treballat i \u00e9s molt interessant i divertida.\u00a0<br \/>\nHi ha diferents maneres de fer una poesia visual, com ara els cal\u00b7ligrames, el lletrisme, lletres associades a una&hellip;  <a href=\"https:\/\/agora.xtec.cat\/esc-teresabergada\/blocs-de-primaria\/6e\/poesia-visual\/\" title=\"Read POESIA VISUAL\">Llegeix m\u00e9s\u00bb<\/a><\/p>\n","protected":false},"author":28,"featured_media":11543,"comment_status":"open","ping_status":"closed","sticky":false,"template":"","format":"standard","meta":{"_bbp_topic_count":0,"_bbp_reply_count":0,"_bbp_total_topic_count":0,"_bbp_total_reply_count":0,"_bbp_voice_count":0,"_bbp_anonymous_reply_count":0,"_bbp_topic_count_hidden":0,"_bbp_reply_count_hidden":0,"_bbp_forum_subforum_count":0,"footnotes":""},"categories":[349,240],"tags":[],"class_list":["post-11538","post","type-post","status-publish","format-standard","has-post-thumbnail","hentry","category-5e","category-6e"],"post_mailing_queue_ids":[],"_links":{"self":[{"href":"https:\/\/agora.xtec.cat\/esc-teresabergada\/wp-json\/wp\/v2\/posts\/11538","targetHints":{"allow":["GET"]}}],"collection":[{"href":"https:\/\/agora.xtec.cat\/esc-teresabergada\/wp-json\/wp\/v2\/posts"}],"about":[{"href":"https:\/\/agora.xtec.cat\/esc-teresabergada\/wp-json\/wp\/v2\/types\/post"}],"author":[{"embeddable":true,"href":"https:\/\/agora.xtec.cat\/esc-teresabergada\/wp-json\/wp\/v2\/users\/28"}],"replies":[{"embeddable":true,"href":"https:\/\/agora.xtec.cat\/esc-teresabergada\/wp-json\/wp\/v2\/comments?post=11538"}],"version-history":[{"count":1,"href":"https:\/\/agora.xtec.cat\/esc-teresabergada\/wp-json\/wp\/v2\/posts\/11538\/revisions"}],"predecessor-version":[{"id":11544,"href":"https:\/\/agora.xtec.cat\/esc-teresabergada\/wp-json\/wp\/v2\/posts\/11538\/revisions\/11544"}],"wp:featuredmedia":[{"embeddable":true,"href":"https:\/\/agora.xtec.cat\/esc-teresabergada\/wp-json\/wp\/v2\/media\/11543"}],"wp:attachment":[{"href":"https:\/\/agora.xtec.cat\/esc-teresabergada\/wp-json\/wp\/v2\/media?parent=11538"}],"wp:term":[{"taxonomy":"category","embeddable":true,"href":"https:\/\/agora.xtec.cat\/esc-teresabergada\/wp-json\/wp\/v2\/categories?post=11538"},{"taxonomy":"post_tag","embeddable":true,"href":"https:\/\/agora.xtec.cat\/esc-teresabergada\/wp-json\/wp\/v2\/tags?post=11538"}],"curies":[{"name":"wp","href":"https:\/\/api.w.org\/{rel}","templated":true}]}}