{"id":11535,"date":"2023-05-28T22:36:17","date_gmt":"2023-05-28T20:36:17","guid":{"rendered":"https:\/\/agora.xtec.cat\/esc-teresabergada\/?p=11535"},"modified":"2023-05-28T22:36:17","modified_gmt":"2023-05-28T20:36:17","slug":"sortida-a-esport-natura","status":"publish","type":"post","link":"https:\/\/agora.xtec.cat\/esc-teresabergada\/blocs-de-primaria\/2n\/sortida-a-esport-natura\/","title":{"rendered":"SORTIDA A ESPORT NATURA"},"content":{"rendered":"<p>El dia 19 de maig, l&#8217;alumnat de Cicle Inicial va gaudir de l&#8217;\u00faltima sortida del curs.\u00a0 Vam anar a Vilanova de Segri\u00e0 a l&#8217;espai Esport Natura.<\/p>\n<p>Va ser un dia per gaudir dels amics i amigues, compartir i jugar.<\/p>\n<p>A m\u00e9s vam poder observar els animals que hi ha: oques, tortugues, el ruquet Antonio i algunes granotes.<\/p>\n<p>El dia va acompanyar i tots ens ho vam passar d&#8217;all\u00f2 m\u00e9s b\u00e9!<\/p>\n<p><a href=\"https:\/\/drive.google.com\/drive\/folders\/1mLpUqCY0Ut9TWv6DYa9hBGx2WSJMNURw\">Aqu\u00ed podreu veure les fotos.<\/a><\/p>\n","protected":false},"excerpt":{"rendered":"<p>El dia 19 de maig, l&#8217;alumnat de Cicle Inicial va gaudir de l&#8217;\u00faltima sortida del curs.\u00a0 Vam anar a Vilanova de Segri\u00e0 a l&#8217;espai Esport Natura.<br \/>\nVa ser un dia per gaudir dels amics i amigues, compartir i jugar.<br \/>\nA m\u00e9s vam poder observar els animals que&hellip;  <a href=\"https:\/\/agora.xtec.cat\/esc-teresabergada\/blocs-de-primaria\/2n\/sortida-a-esport-natura\/\" title=\"Read SORTIDA A ESPORT NATURA\">Llegeix m\u00e9s\u00bb<\/a><\/p>\n","protected":false},"author":16,"featured_media":11536,"comment_status":"open","ping_status":"closed","sticky":false,"template":"","format":"standard","meta":{"_bbp_topic_count":0,"_bbp_reply_count":0,"_bbp_total_topic_count":0,"_bbp_total_reply_count":0,"_bbp_voice_count":0,"_bbp_anonymous_reply_count":0,"_bbp_topic_count_hidden":0,"_bbp_reply_count_hidden":0,"_bbp_forum_subforum_count":0,"footnotes":""},"categories":[348,153],"tags":[135,616,144,123,615],"class_list":["post-11535","post","type-post","status-publish","format-standard","has-post-thumbnail","hentry","category-1r","category-2n","tag-cicle-inicial","tag-esport-natura","tag-jocs","tag-sortida","tag-vilanova-de-segria"],"post_mailing_queue_ids":[],"_links":{"self":[{"href":"https:\/\/agora.xtec.cat\/esc-teresabergada\/wp-json\/wp\/v2\/posts\/11535","targetHints":{"allow":["GET"]}}],"collection":[{"href":"https:\/\/agora.xtec.cat\/esc-teresabergada\/wp-json\/wp\/v2\/posts"}],"about":[{"href":"https:\/\/agora.xtec.cat\/esc-teresabergada\/wp-json\/wp\/v2\/types\/post"}],"author":[{"embeddable":true,"href":"https:\/\/agora.xtec.cat\/esc-teresabergada\/wp-json\/wp\/v2\/users\/16"}],"replies":[{"embeddable":true,"href":"https:\/\/agora.xtec.cat\/esc-teresabergada\/wp-json\/wp\/v2\/comments?post=11535"}],"version-history":[{"count":1,"href":"https:\/\/agora.xtec.cat\/esc-teresabergada\/wp-json\/wp\/v2\/posts\/11535\/revisions"}],"predecessor-version":[{"id":11537,"href":"https:\/\/agora.xtec.cat\/esc-teresabergada\/wp-json\/wp\/v2\/posts\/11535\/revisions\/11537"}],"wp:featuredmedia":[{"embeddable":true,"href":"https:\/\/agora.xtec.cat\/esc-teresabergada\/wp-json\/wp\/v2\/media\/11536"}],"wp:attachment":[{"href":"https:\/\/agora.xtec.cat\/esc-teresabergada\/wp-json\/wp\/v2\/media?parent=11535"}],"wp:term":[{"taxonomy":"category","embeddable":true,"href":"https:\/\/agora.xtec.cat\/esc-teresabergada\/wp-json\/wp\/v2\/categories?post=11535"},{"taxonomy":"post_tag","embeddable":true,"href":"https:\/\/agora.xtec.cat\/esc-teresabergada\/wp-json\/wp\/v2\/tags?post=11535"}],"curies":[{"name":"wp","href":"https:\/\/api.w.org\/{rel}","templated":true}]}}