{"id":11519,"date":"2023-05-25T12:07:04","date_gmt":"2023-05-25T10:07:04","guid":{"rendered":"https:\/\/agora.xtec.cat\/esc-teresabergada\/?p=11519"},"modified":"2023-05-25T12:12:50","modified_gmt":"2023-05-25T10:12:50","slug":"la-festa-major-2","status":"publish","type":"post","link":"https:\/\/agora.xtec.cat\/esc-teresabergada\/blocs-de-primaria\/6e\/la-festa-major-2\/","title":{"rendered":"LA FESTA MAJOR"},"content":{"rendered":"<p style=\"text-align: justify\"><span style=\"font-weight: 400\">Els dies 26, 27 i 28 es celebrar\u00e0 la festa major d\u2019Alguaire i hi haur\u00e0 diferents actes per a totes les edats. <\/span><\/p>\n<p style=\"text-align: justify\"><span style=\"font-weight: 400\">Un<\/span><span style=\"font-weight: 400\">s dies abans, des del \u201ccole\u201d, ja podem veure com munten les firetes i quines s\u00f3n. Tots i totes estem molt il\u00b7lusionats que arribin aquests dies ja que fem festa, estem amb els amics\/es i sobretot ens ho passem molt b\u00e9.<\/span><\/p>\n<p><a href=\"https:\/\/agora.xtec.cat\/esc-teresabergada\/wp-content\/uploads\/usu1533\/2023\/05\/Coches-de-choque-1-1200x900-1.jpg\"><img loading=\"lazy\" decoding=\"async\" class=\"alignnone  wp-image-11525\" src=\"https:\/\/agora.xtec.cat\/esc-teresabergada\/wp-content\/uploads\/usu1533\/2023\/05\/Coches-de-choque-1-1200x900-1-1024x768.jpg\" alt=\"\" width=\"265\" height=\"199\" srcset=\"https:\/\/agora.xtec.cat\/esc-teresabergada\/wp-content\/uploads\/usu1533\/2023\/05\/Coches-de-choque-1-1200x900-1-1024x768.jpg 1024w, https:\/\/agora.xtec.cat\/esc-teresabergada\/wp-content\/uploads\/usu1533\/2023\/05\/Coches-de-choque-1-1200x900-1-300x225.jpg 300w, https:\/\/agora.xtec.cat\/esc-teresabergada\/wp-content\/uploads\/usu1533\/2023\/05\/Coches-de-choque-1-1200x900-1-768x576.jpg 768w, https:\/\/agora.xtec.cat\/esc-teresabergada\/wp-content\/uploads\/usu1533\/2023\/05\/Coches-de-choque-1-1200x900-1-200x150.jpg 200w, https:\/\/agora.xtec.cat\/esc-teresabergada\/wp-content\/uploads\/usu1533\/2023\/05\/Coches-de-choque-1-1200x900-1.jpg 1200w\" sizes=\"auto, (max-width: 265px) 100vw, 265px\" \/><\/a> <a href=\"https:\/\/agora.xtec.cat\/esc-teresabergada\/wp-content\/uploads\/usu1533\/2023\/05\/mqdefault.jpg\"><img loading=\"lazy\" decoding=\"async\" class=\"alignnone  wp-image-11527\" src=\"https:\/\/agora.xtec.cat\/esc-teresabergada\/wp-content\/uploads\/usu1533\/2023\/05\/mqdefault.jpg\" alt=\"\" width=\"354\" height=\"199\" srcset=\"https:\/\/agora.xtec.cat\/esc-teresabergada\/wp-content\/uploads\/usu1533\/2023\/05\/mqdefault.jpg 320w, https:\/\/agora.xtec.cat\/esc-teresabergada\/wp-content\/uploads\/usu1533\/2023\/05\/mqdefault-300x169.jpg 300w\" sizes=\"auto, (max-width: 354px) 100vw, 354px\" \/><\/a> <a href=\"https:\/\/agora.xtec.cat\/esc-teresabergada\/wp-content\/uploads\/usu1533\/2023\/05\/maxresdefault.jpg\"><img loading=\"lazy\" decoding=\"async\" class=\"alignnone  wp-image-11528\" src=\"https:\/\/agora.xtec.cat\/esc-teresabergada\/wp-content\/uploads\/usu1533\/2023\/05\/maxresdefault-1024x576.jpg\" alt=\"\" width=\"351\" height=\"198\" srcset=\"https:\/\/agora.xtec.cat\/esc-teresabergada\/wp-content\/uploads\/usu1533\/2023\/05\/maxresdefault-1024x576.jpg 1024w, https:\/\/agora.xtec.cat\/esc-teresabergada\/wp-content\/uploads\/usu1533\/2023\/05\/maxresdefault-300x169.jpg 300w, https:\/\/agora.xtec.cat\/esc-teresabergada\/wp-content\/uploads\/usu1533\/2023\/05\/maxresdefault-768x432.jpg 768w, https:\/\/agora.xtec.cat\/esc-teresabergada\/wp-content\/uploads\/usu1533\/2023\/05\/maxresdefault.jpg 1280w\" sizes=\"auto, (max-width: 351px) 100vw, 351px\" \/><\/a><\/p>\n<p style=\"text-align: justify\"><span style=\"font-weight: 400\">Una de les activitats que es fa cada any \u00e9s el sopar popular, que ens agrada molt. Aquest any es far\u00e0 divendres a les 21h de la nit. Tamb\u00e9 hi haur\u00e0: correfocs,\u00a0 les penyes, un teatre al casal, la bicicletada, baixada de carromatos, un grup d&#8217;animaci\u00f3 infantil, tirada de bitlles, partit de futbol i sardanes.<\/span><\/p>\n<p style=\"text-align: justify\"><span style=\"font-weight: 400\">Segur que ens ho passem genial durant aquest tres dies de festa major!<\/span><\/p>\n<p>&nbsp;<\/p>\n<p style=\"text-align: justify\"><span style=\"font-weight: 400\">Paula i Martina<\/span><\/p>\n","protected":false},"excerpt":{"rendered":"<p>Els dies 26, 27 i 28 es celebrar\u00e0 la festa major d\u2019Alguaire i hi haur\u00e0 diferents actes per a totes les edats.<br \/>\nUns dies abans, des del \u201ccole\u201d, ja podem veure com munten les firetes i quines s\u00f3n. Tots i totes estem molt il\u00b7lusionats que&hellip;  <a href=\"https:\/\/agora.xtec.cat\/esc-teresabergada\/blocs-de-primaria\/6e\/la-festa-major-2\/\" title=\"Read LA FESTA MAJOR\">Llegeix m\u00e9s\u00bb<\/a><\/p>\n","protected":false},"author":28,"featured_media":11520,"comment_status":"open","ping_status":"closed","sticky":false,"template":"","format":"standard","meta":{"_bbp_topic_count":0,"_bbp_reply_count":0,"_bbp_total_topic_count":0,"_bbp_total_reply_count":0,"_bbp_voice_count":0,"_bbp_anonymous_reply_count":0,"_bbp_topic_count_hidden":0,"_bbp_reply_count_hidden":0,"_bbp_forum_subforum_count":0,"footnotes":""},"categories":[349,240],"tags":[],"class_list":["post-11519","post","type-post","status-publish","format-standard","has-post-thumbnail","hentry","category-5e","category-6e"],"post_mailing_queue_ids":[],"_links":{"self":[{"href":"https:\/\/agora.xtec.cat\/esc-teresabergada\/wp-json\/wp\/v2\/posts\/11519","targetHints":{"allow":["GET"]}}],"collection":[{"href":"https:\/\/agora.xtec.cat\/esc-teresabergada\/wp-json\/wp\/v2\/posts"}],"about":[{"href":"https:\/\/agora.xtec.cat\/esc-teresabergada\/wp-json\/wp\/v2\/types\/post"}],"author":[{"embeddable":true,"href":"https:\/\/agora.xtec.cat\/esc-teresabergada\/wp-json\/wp\/v2\/users\/28"}],"replies":[{"embeddable":true,"href":"https:\/\/agora.xtec.cat\/esc-teresabergada\/wp-json\/wp\/v2\/comments?post=11519"}],"version-history":[{"count":3,"href":"https:\/\/agora.xtec.cat\/esc-teresabergada\/wp-json\/wp\/v2\/posts\/11519\/revisions"}],"predecessor-version":[{"id":11529,"href":"https:\/\/agora.xtec.cat\/esc-teresabergada\/wp-json\/wp\/v2\/posts\/11519\/revisions\/11529"}],"wp:featuredmedia":[{"embeddable":true,"href":"https:\/\/agora.xtec.cat\/esc-teresabergada\/wp-json\/wp\/v2\/media\/11520"}],"wp:attachment":[{"href":"https:\/\/agora.xtec.cat\/esc-teresabergada\/wp-json\/wp\/v2\/media?parent=11519"}],"wp:term":[{"taxonomy":"category","embeddable":true,"href":"https:\/\/agora.xtec.cat\/esc-teresabergada\/wp-json\/wp\/v2\/categories?post=11519"},{"taxonomy":"post_tag","embeddable":true,"href":"https:\/\/agora.xtec.cat\/esc-teresabergada\/wp-json\/wp\/v2\/tags?post=11519"}],"curies":[{"name":"wp","href":"https:\/\/api.w.org\/{rel}","templated":true}]}}