{"id":11512,"date":"2023-05-18T11:58:37","date_gmt":"2023-05-18T09:58:37","guid":{"rendered":"https:\/\/agora.xtec.cat\/esc-teresabergada\/?p=11512"},"modified":"2023-05-18T11:59:06","modified_gmt":"2023-05-18T09:59:06","slug":"ens-coneixem-realment","status":"publish","type":"post","link":"https:\/\/agora.xtec.cat\/esc-teresabergada\/blocs-de-primaria\/6e\/ens-coneixem-realment\/","title":{"rendered":"ENS CONEIXEM REALMENT?"},"content":{"rendered":"<blockquote>\n<p style=\"text-align: justify\"><span style=\"font-weight: 400;color: #000000\">El dimecres, 17 de maig, vam fer una activitat relacionada amb tutoria, a partir d\u2019imatges de quan nosaltres \u00e9rem nadons.<\/span><\/p>\n<p style=\"text-align: justify\"><span style=\"font-weight: 400;color: #000000\">Per comen\u00e7ar, la Gemma va penjar totes les nostres fotos a la pissarra. Despr\u00e9s cadasc\u00fa va posar els noms de tots en un paper, els vam retallar i vam posar el nom al costat de la foto depenent de qui pens\u00e0vem que era. La majoria de nosaltres vam endevinar qui era qui, cosa que est\u00e0 molt b\u00e9 ja que vol dir que ens coneixem bastant b\u00e9 o que ens assemblem. Encara que potser alg\u00fa ho va fer copiant als dem\u00e9s per\u00f2 esperem que sigui per la primera ra\u00f3.<\/span><\/p>\n<p style=\"text-align: justify\"><span style=\"font-weight: 400;color: #000000\">Quan vam acabar, vam voler compartir l\u2019activitat amb els companys i companyes de l\u2019altre cinqu\u00e8. En van endevinar molts, per\u00f2 hi va haver tres persones que no van ser endevinades: l\u2019Ada, la Sira i la Daria. Per a que ho poguessin descobrir, la Gemma va ensenyar les tres fotos i va donar alguna pista. Tot i que hi va haver alguna que altra confusi\u00f3, finalment ho van acabar dient b\u00e9.<\/span><\/p>\n<p style=\"text-align: justify\"><span style=\"font-weight: 400;color: #000000\">Va ser una activitat molt divertida!<\/span><\/p>\n<p>&nbsp;<\/p>\n<p style=\"text-align: justify\"><span style=\"font-weight: 400;color: #000000\">Sira P. i Ivan S.<\/span><\/p>\n<\/blockquote>\n","protected":false},"excerpt":{"rendered":"<p>El dimecres, 17 de maig, vam fer una activitat relacionada amb tutoria, a partir d\u2019imatges de quan nosaltres \u00e9rem nadons.<br \/>\nPer comen\u00e7ar, la Gemma va penjar totes les nostres fotos a la pissarra. Despr\u00e9s cadasc\u00fa va posar els noms de tots en un paper, els vam&hellip;  <a href=\"https:\/\/agora.xtec.cat\/esc-teresabergada\/blocs-de-primaria\/6e\/ens-coneixem-realment\/\" title=\"Read ENS CONEIXEM REALMENT?\">Llegeix m\u00e9s\u00bb<\/a><\/p>\n","protected":false},"author":28,"featured_media":11513,"comment_status":"open","ping_status":"closed","sticky":false,"template":"","format":"standard","meta":{"_bbp_topic_count":0,"_bbp_reply_count":0,"_bbp_total_topic_count":0,"_bbp_total_reply_count":0,"_bbp_voice_count":0,"_bbp_anonymous_reply_count":0,"_bbp_topic_count_hidden":0,"_bbp_reply_count_hidden":0,"_bbp_forum_subforum_count":0,"footnotes":""},"categories":[349,240],"tags":[],"class_list":["post-11512","post","type-post","status-publish","format-standard","has-post-thumbnail","hentry","category-5e","category-6e"],"post_mailing_queue_ids":[],"_links":{"self":[{"href":"https:\/\/agora.xtec.cat\/esc-teresabergada\/wp-json\/wp\/v2\/posts\/11512","targetHints":{"allow":["GET"]}}],"collection":[{"href":"https:\/\/agora.xtec.cat\/esc-teresabergada\/wp-json\/wp\/v2\/posts"}],"about":[{"href":"https:\/\/agora.xtec.cat\/esc-teresabergada\/wp-json\/wp\/v2\/types\/post"}],"author":[{"embeddable":true,"href":"https:\/\/agora.xtec.cat\/esc-teresabergada\/wp-json\/wp\/v2\/users\/28"}],"replies":[{"embeddable":true,"href":"https:\/\/agora.xtec.cat\/esc-teresabergada\/wp-json\/wp\/v2\/comments?post=11512"}],"version-history":[{"count":2,"href":"https:\/\/agora.xtec.cat\/esc-teresabergada\/wp-json\/wp\/v2\/posts\/11512\/revisions"}],"predecessor-version":[{"id":11515,"href":"https:\/\/agora.xtec.cat\/esc-teresabergada\/wp-json\/wp\/v2\/posts\/11512\/revisions\/11515"}],"wp:featuredmedia":[{"embeddable":true,"href":"https:\/\/agora.xtec.cat\/esc-teresabergada\/wp-json\/wp\/v2\/media\/11513"}],"wp:attachment":[{"href":"https:\/\/agora.xtec.cat\/esc-teresabergada\/wp-json\/wp\/v2\/media?parent=11512"}],"wp:term":[{"taxonomy":"category","embeddable":true,"href":"https:\/\/agora.xtec.cat\/esc-teresabergada\/wp-json\/wp\/v2\/categories?post=11512"},{"taxonomy":"post_tag","embeddable":true,"href":"https:\/\/agora.xtec.cat\/esc-teresabergada\/wp-json\/wp\/v2\/tags?post=11512"}],"curies":[{"name":"wp","href":"https:\/\/api.w.org\/{rel}","templated":true}]}}