{"id":11504,"date":"2023-05-16T10:41:30","date_gmt":"2023-05-16T08:41:30","guid":{"rendered":"https:\/\/agora.xtec.cat\/esc-teresabergada\/?p=11504"},"modified":"2023-05-16T10:41:30","modified_gmt":"2023-05-16T08:41:30","slug":"projecte-ilerkan-al-siei","status":"publish","type":"post","link":"https:\/\/agora.xtec.cat\/esc-teresabergada\/siei\/projecte-ilerkan-al-siei\/","title":{"rendered":"Projecte Ilerkan al SIEI"},"content":{"rendered":"<p style=\"text-align: left\">Donem per finalitzat aquest curs el projecte Ilerkan, tota una experi\u00e8ncia gratificant pels alumnes que n&#8217;han gaudit.<\/p>\n<p style=\"text-align: left\">Aquest segon i tercer trimestre s\u2019han realitzat un total de 9 sessions d\u2019educaci\u00f3 assistida amb animals, dividides en dos grups d&#8217;alumnes. Han estat intervencions dins el context educatiu amb la participaci\u00f3 del Tom, el Tet i amb l&#8217;acompanyament de la Laura. Els objectius plantejats pretenien promoure millores en l\u2019\u00e0mbit f\u00edsic, social, emocional, educacional i cognitiu dels infants del SIEI. Fomentant sempre la creaci\u00f3 de vincles emocionals que ajuden als infants a desenvolupar i millorar les habilitats motrius, cognitives, comunicatives i emocionals.<\/p>\n<p style=\"text-align: left\">Ha estat un plaer i un gran privilegi tenir la pres\u00e8ncia dels gossos aquests dies a l&#8217;escola, ja que les interaccions i les connexions que s&#8217;han entrella\u00e7at entre els alumnes i el gos han estat m\u00e0giques.<\/p>\n<p style=\"text-align: left\">Esperem retrobar-nos aviat amb vosaltres.<\/p>\n<p style=\"text-align: left\">Gr\u00e0cies Laura!<\/p>\n<p style=\"text-align: left\">Gr\u00e0cies Tom!<\/p>\n<p style=\"text-align: left\">Gr\u00e0cies Tet!<\/p>\n<p style=\"text-align: left\"><em>\u201cLos perros facilitan la comunicaci\u00f3n, la conexi\u00f3n con el entorno y el desarrollo saludable de la persona.\u201d, <strong>Boris Levinson.<\/strong><\/em><\/p>\n<p>&nbsp;<\/p>\n<p><a href=\"https:\/\/agora.xtec.cat\/esc-teresabergada\/wp-content\/uploads\/usu1533\/2023\/05\/5.png\"><img loading=\"lazy\" decoding=\"async\" class=\"alignnone size-medium wp-image-11509\" src=\"https:\/\/agora.xtec.cat\/esc-teresabergada\/wp-content\/uploads\/usu1533\/2023\/05\/5-300x225.png\" alt=\"\" width=\"300\" height=\"225\" srcset=\"https:\/\/agora.xtec.cat\/esc-teresabergada\/wp-content\/uploads\/usu1533\/2023\/05\/5-300x225.png 300w, https:\/\/agora.xtec.cat\/esc-teresabergada\/wp-content\/uploads\/usu1533\/2023\/05\/5-200x150.png 200w, https:\/\/agora.xtec.cat\/esc-teresabergada\/wp-content\/uploads\/usu1533\/2023\/05\/5.png 721w\" sizes=\"auto, (max-width: 300px) 100vw, 300px\" \/><\/a> <a href=\"https:\/\/agora.xtec.cat\/esc-teresabergada\/wp-content\/uploads\/usu1533\/2023\/05\/2.jpg\"><img loading=\"lazy\" decoding=\"async\" class=\"alignnone size-medium wp-image-11507\" src=\"https:\/\/agora.xtec.cat\/esc-teresabergada\/wp-content\/uploads\/usu1533\/2023\/05\/2-300x225.jpg\" alt=\"\" width=\"300\" height=\"225\" srcset=\"https:\/\/agora.xtec.cat\/esc-teresabergada\/wp-content\/uploads\/usu1533\/2023\/05\/2-300x225.jpg 300w, https:\/\/agora.xtec.cat\/esc-teresabergada\/wp-content\/uploads\/usu1533\/2023\/05\/2-200x150.jpg 200w, https:\/\/agora.xtec.cat\/esc-teresabergada\/wp-content\/uploads\/usu1533\/2023\/05\/2.jpg 745w\" sizes=\"auto, (max-width: 300px) 100vw, 300px\" \/><\/a> <a href=\"https:\/\/agora.xtec.cat\/esc-teresabergada\/wp-content\/uploads\/usu1533\/2023\/05\/3.jpg\"><img loading=\"lazy\" decoding=\"async\" class=\"alignnone size-medium wp-image-11508\" src=\"https:\/\/agora.xtec.cat\/esc-teresabergada\/wp-content\/uploads\/usu1533\/2023\/05\/3-225x300.jpg\" alt=\"\" width=\"225\" height=\"300\" srcset=\"https:\/\/agora.xtec.cat\/esc-teresabergada\/wp-content\/uploads\/usu1533\/2023\/05\/3-225x300.jpg 225w, https:\/\/agora.xtec.cat\/esc-teresabergada\/wp-content\/uploads\/usu1533\/2023\/05\/3.jpg 531w\" sizes=\"auto, (max-width: 225px) 100vw, 225px\" \/><\/a><\/p>\n","protected":false},"excerpt":{"rendered":"<p>Donem per finalitzat aquest curs el projecte Ilerkan, tota una experi\u00e8ncia gratificant pels alumnes que n&#8217;han gaudit.<br \/>\nAquest segon i tercer trimestre s\u2019han realitzat un total de 9 sessions d\u2019educaci\u00f3 assistida amb animals, dividides en dos grups d&#8217;alumnes. Han estat intervencions dins el context educatiu amb&hellip;  <a href=\"https:\/\/agora.xtec.cat\/esc-teresabergada\/siei\/projecte-ilerkan-al-siei\/\" title=\"Read Projecte Ilerkan al SIEI\">Llegeix m\u00e9s\u00bb<\/a><\/p>\n","protected":false},"author":1,"featured_media":11505,"comment_status":"open","ping_status":"closed","sticky":false,"template":"","format":"standard","meta":{"_bbp_topic_count":0,"_bbp_reply_count":0,"_bbp_total_topic_count":0,"_bbp_total_reply_count":0,"_bbp_voice_count":0,"_bbp_anonymous_reply_count":0,"_bbp_topic_count_hidden":0,"_bbp_reply_count_hidden":0,"_bbp_forum_subforum_count":0,"footnotes":""},"categories":[636],"tags":[],"class_list":["post-11504","post","type-post","status-publish","format-standard","has-post-thumbnail","hentry","category-siei"],"post_mailing_queue_ids":[],"_links":{"self":[{"href":"https:\/\/agora.xtec.cat\/esc-teresabergada\/wp-json\/wp\/v2\/posts\/11504","targetHints":{"allow":["GET"]}}],"collection":[{"href":"https:\/\/agora.xtec.cat\/esc-teresabergada\/wp-json\/wp\/v2\/posts"}],"about":[{"href":"https:\/\/agora.xtec.cat\/esc-teresabergada\/wp-json\/wp\/v2\/types\/post"}],"author":[{"embeddable":true,"href":"https:\/\/agora.xtec.cat\/esc-teresabergada\/wp-json\/wp\/v2\/users\/1"}],"replies":[{"embeddable":true,"href":"https:\/\/agora.xtec.cat\/esc-teresabergada\/wp-json\/wp\/v2\/comments?post=11504"}],"version-history":[{"count":3,"href":"https:\/\/agora.xtec.cat\/esc-teresabergada\/wp-json\/wp\/v2\/posts\/11504\/revisions"}],"predecessor-version":[{"id":11511,"href":"https:\/\/agora.xtec.cat\/esc-teresabergada\/wp-json\/wp\/v2\/posts\/11504\/revisions\/11511"}],"wp:featuredmedia":[{"embeddable":true,"href":"https:\/\/agora.xtec.cat\/esc-teresabergada\/wp-json\/wp\/v2\/media\/11505"}],"wp:attachment":[{"href":"https:\/\/agora.xtec.cat\/esc-teresabergada\/wp-json\/wp\/v2\/media?parent=11504"}],"wp:term":[{"taxonomy":"category","embeddable":true,"href":"https:\/\/agora.xtec.cat\/esc-teresabergada\/wp-json\/wp\/v2\/categories?post=11504"},{"taxonomy":"post_tag","embeddable":true,"href":"https:\/\/agora.xtec.cat\/esc-teresabergada\/wp-json\/wp\/v2\/tags?post=11504"}],"curies":[{"name":"wp","href":"https:\/\/api.w.org\/{rel}","templated":true}]}}