{"id":11489,"date":"2023-05-10T11:36:50","date_gmt":"2023-05-10T09:36:50","guid":{"rendered":"https:\/\/agora.xtec.cat\/esc-teresabergada\/?p=11489"},"modified":"2023-05-10T22:15:44","modified_gmt":"2023-05-10T20:15:44","slug":"cantania-2023-les-portes-del-mon","status":"publish","type":"post","link":"https:\/\/agora.xtec.cat\/esc-teresabergada\/general\/cantania-2023-les-portes-del-mon\/","title":{"rendered":"Cant\u00e0nia 2023 &#8211; Les portes del m\u00f3n"},"content":{"rendered":"<p><a href=\"https:\/\/agora.xtec.cat\/esc-teresabergada\/wp-content\/uploads\/usu1533\/2023\/05\/1683711159660.jpg\"><img loading=\"lazy\" decoding=\"async\" class=\"alignnone size-large wp-image-11490 alignright\" src=\"https:\/\/agora.xtec.cat\/esc-teresabergada\/wp-content\/uploads\/usu1533\/2023\/05\/1683711159660-1024x473.jpg\" alt=\"\" width=\"1024\" height=\"473\" srcset=\"https:\/\/agora.xtec.cat\/esc-teresabergada\/wp-content\/uploads\/usu1533\/2023\/05\/1683711159660-1024x473.jpg 1024w, https:\/\/agora.xtec.cat\/esc-teresabergada\/wp-content\/uploads\/usu1533\/2023\/05\/1683711159660-300x139.jpg 300w, https:\/\/agora.xtec.cat\/esc-teresabergada\/wp-content\/uploads\/usu1533\/2023\/05\/1683711159660-768x355.jpg 768w, https:\/\/agora.xtec.cat\/esc-teresabergada\/wp-content\/uploads\/usu1533\/2023\/05\/1683711159660-1536x710.jpg 1536w, https:\/\/agora.xtec.cat\/esc-teresabergada\/wp-content\/uploads\/usu1533\/2023\/05\/1683711159660.jpg 2000w\" sizes=\"auto, (max-width: 1024px) 100vw, 1024px\" \/><\/a><\/p>\n<p>Els nens i nenes de quart van participar el dimarts dia 9 de maig del concert de Cant\u00e0nia fet a l\u2019Auditori de Barcelona. Les fam\u00edlies i l\u2019alumnat va gaudir un altre cop d\u2019un bonic i emotiu espectacle.<\/p>\n<p>La Cant\u00e0nia d\u2019aquest any, <em><strong>\u201cLes portes del m\u00f3n\u201d<\/strong><\/em>, explica la hist\u00f2ria de la Sara, una nena cega que desitja fer la volta al m\u00f3n. El Daniel, el seu pare, elabora un original pla per complir el desig de viatjar de la seva filla. Cada mat\u00ed sortiran tots dos de casa amb les maletes i agafaran el tren de rodalies, faran uns quants transbordaments, i tornaran al cap d\u2019unes hores per\u00f2 no al seu pis, sin\u00f3 al pis de dalt, on una fam\u00edlia provinent d\u2019un altre pa\u00eds, els acollir\u00e0 fent veure que es troben al seu pa\u00eds d\u2019origen.<\/p>\n<p>Ahir els alumnes de quart vam concloure el nostre propi viatge que ens ha portat a Cant\u00e0nia, un viatge que vam iniciar a principi de curs i que hem dut a terme amb moltes ganes i il\u00b7lusi\u00f3.<\/p>\n<p>&nbsp;<\/p>\n<p>&nbsp;<\/p>\n<p><em>* Trobareu la resta d\u2019imatges a les carpetes compartides.<\/em><\/p>\n","protected":false},"excerpt":{"rendered":"<p><a href=\"https:\/\/agora.xtec.cat\/esc-teresabergada\/wp-content\/uploads\/usu1533\/2023\/05\/1683711159660.jpg\"><\/a><br \/>\nEls nens i nenes de quart van participar el dimarts dia 9 de maig del concert de Cant\u00e0nia fet a l\u2019Auditori de Barcelona. Les fam\u00edlies i l\u2019alumnat va gaudir un altre cop d\u2019un bonic i emotiu espectacle.<br \/>\nLa Cant\u00e0nia d\u2019aquest any, \u201cLes portes del m\u00f3n\u201d,&hellip;  <a href=\"https:\/\/agora.xtec.cat\/esc-teresabergada\/general\/cantania-2023-les-portes-del-mon\/\" title=\"Read Cant\u00e0nia 2023 &#8211; Les portes del m\u00f3n\">Llegeix m\u00e9s\u00bb<\/a><\/p>\n","protected":false},"author":60,"featured_media":11490,"comment_status":"open","ping_status":"closed","sticky":false,"template":"","format":"standard","meta":{"_bbp_topic_count":0,"_bbp_reply_count":0,"_bbp_total_topic_count":0,"_bbp_total_reply_count":0,"_bbp_voice_count":0,"_bbp_anonymous_reply_count":0,"_bbp_topic_count_hidden":0,"_bbp_reply_count_hidden":0,"_bbp_forum_subforum_count":0,"footnotes":""},"categories":[250,1,104,4],"tags":[],"class_list":["post-11489","post","type-post","status-publish","format-standard","has-post-thumbnail","hentry","category-4t","category-general","category-musica","category-portada"],"post_mailing_queue_ids":[],"_links":{"self":[{"href":"https:\/\/agora.xtec.cat\/esc-teresabergada\/wp-json\/wp\/v2\/posts\/11489","targetHints":{"allow":["GET"]}}],"collection":[{"href":"https:\/\/agora.xtec.cat\/esc-teresabergada\/wp-json\/wp\/v2\/posts"}],"about":[{"href":"https:\/\/agora.xtec.cat\/esc-teresabergada\/wp-json\/wp\/v2\/types\/post"}],"author":[{"embeddable":true,"href":"https:\/\/agora.xtec.cat\/esc-teresabergada\/wp-json\/wp\/v2\/users\/60"}],"replies":[{"embeddable":true,"href":"https:\/\/agora.xtec.cat\/esc-teresabergada\/wp-json\/wp\/v2\/comments?post=11489"}],"version-history":[{"count":3,"href":"https:\/\/agora.xtec.cat\/esc-teresabergada\/wp-json\/wp\/v2\/posts\/11489\/revisions"}],"predecessor-version":[{"id":11495,"href":"https:\/\/agora.xtec.cat\/esc-teresabergada\/wp-json\/wp\/v2\/posts\/11489\/revisions\/11495"}],"wp:featuredmedia":[{"embeddable":true,"href":"https:\/\/agora.xtec.cat\/esc-teresabergada\/wp-json\/wp\/v2\/media\/11490"}],"wp:attachment":[{"href":"https:\/\/agora.xtec.cat\/esc-teresabergada\/wp-json\/wp\/v2\/media?parent=11489"}],"wp:term":[{"taxonomy":"category","embeddable":true,"href":"https:\/\/agora.xtec.cat\/esc-teresabergada\/wp-json\/wp\/v2\/categories?post=11489"},{"taxonomy":"post_tag","embeddable":true,"href":"https:\/\/agora.xtec.cat\/esc-teresabergada\/wp-json\/wp\/v2\/tags?post=11489"}],"curies":[{"name":"wp","href":"https:\/\/api.w.org\/{rel}","templated":true}]}}