{"id":11484,"date":"2023-05-04T15:27:18","date_gmt":"2023-05-04T13:27:18","guid":{"rendered":"https:\/\/agora.xtec.cat\/esc-teresabergada\/?p=11484"},"modified":"2023-05-04T15:27:18","modified_gmt":"2023-05-04T13:27:18","slug":"colonies-al-delta","status":"publish","type":"post","link":"https:\/\/agora.xtec.cat\/esc-teresabergada\/general\/colonies-al-delta\/","title":{"rendered":"COL\u00d2NIES AL DELTA"},"content":{"rendered":"<p><a href=\"https:\/\/agora.xtec.cat\/esc-teresabergada\/wp-content\/uploads\/usu1533\/2023\/05\/20230503_160555.jpg\"><img loading=\"lazy\" decoding=\"async\" class=\"aligncenter size-large wp-image-11487\" src=\"https:\/\/agora.xtec.cat\/esc-teresabergada\/wp-content\/uploads\/usu1533\/2023\/05\/20230503_160555-1024x343.jpg\" alt=\"\" width=\"1024\" height=\"343\" srcset=\"https:\/\/agora.xtec.cat\/esc-teresabergada\/wp-content\/uploads\/usu1533\/2023\/05\/20230503_160555-1024x343.jpg 1024w, https:\/\/agora.xtec.cat\/esc-teresabergada\/wp-content\/uploads\/usu1533\/2023\/05\/20230503_160555-300x100.jpg 300w, https:\/\/agora.xtec.cat\/esc-teresabergada\/wp-content\/uploads\/usu1533\/2023\/05\/20230503_160555-768x257.jpg 768w, https:\/\/agora.xtec.cat\/esc-teresabergada\/wp-content\/uploads\/usu1533\/2023\/05\/20230503_160555.jpg 1518w\" sizes=\"auto, (max-width: 1024px) 100vw, 1024px\" \/><\/a>Els dies 3 i 4 de maig, els nens i nenes de Cicle Mitj\u00e0 hem estat de col\u00f2nies a la Casa de Col\u00f2nies Can Vict\u00f2ria, al Poblenou del Delta.<\/p>\n<p>Han sigut uns dies molt bonics de conviv\u00e8ncia i de sumar moments per al nostre llibre de vida.<\/p>\n<p>Poder con\u00e8ixer els diferents ecosistemes que hi ha al Delta de l&#8217;Ebre, tan a prop i tan lluny de casa nostra, ha sigut molt emocionant, i poder entrar als arrossars que ja s\u00f3n plens d&#8217;aigua, tot fent pr\u00e0ctica de com n&#8217;\u00e9s la sembra de l&#8217;arr\u00f2s, \u00e9s una viv\u00e8ncia \u00fanica. A m\u00e9s, tamb\u00e9 hem pogut passejar-nos amb\u00a0<em>pontones<\/em>, les barques de perxar t\u00edpiques del Delta, i navegar per aig\u00fces poc profundes, mentre an\u00e0vem fent torns per perxar.<\/p>\n<p>Ens ho hem passat molt b\u00e9 i hem gaudit molt, per\u00f2 tamb\u00e9 hem trobat a faltar els que no han pogut ser amb nosaltres. Us n&#8217;explicarem tots els detalls.<\/p>\n<p>&nbsp;<\/p>\n","protected":false},"excerpt":{"rendered":"<p><a href=\"https:\/\/agora.xtec.cat\/esc-teresabergada\/wp-content\/uploads\/usu1533\/2023\/05\/20230503_160555.jpg\"><\/a>Els dies 3 i 4 de maig, els nens i nenes de Cicle Mitj\u00e0 hem estat de col\u00f2nies a la Casa de Col\u00f2nies Can Vict\u00f2ria, al Poblenou del Delta.<br \/>\nHan sigut uns dies molt bonics de conviv\u00e8ncia i de sumar moments per al nostre llibre&hellip;  <a href=\"https:\/\/agora.xtec.cat\/esc-teresabergada\/general\/colonies-al-delta\/\" title=\"Read COL\u00d2NIES AL DELTA\">Llegeix m\u00e9s\u00bb<\/a><\/p>\n","protected":false},"author":1,"featured_media":11487,"comment_status":"open","ping_status":"closed","sticky":false,"template":"","format":"standard","meta":{"_bbp_topic_count":0,"_bbp_reply_count":0,"_bbp_total_topic_count":0,"_bbp_total_reply_count":0,"_bbp_voice_count":0,"_bbp_anonymous_reply_count":0,"_bbp_topic_count_hidden":0,"_bbp_reply_count_hidden":0,"_bbp_forum_subforum_count":0,"footnotes":""},"categories":[238,250,1],"tags":[],"class_list":["post-11484","post","type-post","status-publish","format-standard","has-post-thumbnail","hentry","category-3r","category-4t","category-general"],"post_mailing_queue_ids":[],"_links":{"self":[{"href":"https:\/\/agora.xtec.cat\/esc-teresabergada\/wp-json\/wp\/v2\/posts\/11484","targetHints":{"allow":["GET"]}}],"collection":[{"href":"https:\/\/agora.xtec.cat\/esc-teresabergada\/wp-json\/wp\/v2\/posts"}],"about":[{"href":"https:\/\/agora.xtec.cat\/esc-teresabergada\/wp-json\/wp\/v2\/types\/post"}],"author":[{"embeddable":true,"href":"https:\/\/agora.xtec.cat\/esc-teresabergada\/wp-json\/wp\/v2\/users\/1"}],"replies":[{"embeddable":true,"href":"https:\/\/agora.xtec.cat\/esc-teresabergada\/wp-json\/wp\/v2\/comments?post=11484"}],"version-history":[{"count":2,"href":"https:\/\/agora.xtec.cat\/esc-teresabergada\/wp-json\/wp\/v2\/posts\/11484\/revisions"}],"predecessor-version":[{"id":11488,"href":"https:\/\/agora.xtec.cat\/esc-teresabergada\/wp-json\/wp\/v2\/posts\/11484\/revisions\/11488"}],"wp:featuredmedia":[{"embeddable":true,"href":"https:\/\/agora.xtec.cat\/esc-teresabergada\/wp-json\/wp\/v2\/media\/11487"}],"wp:attachment":[{"href":"https:\/\/agora.xtec.cat\/esc-teresabergada\/wp-json\/wp\/v2\/media?parent=11484"}],"wp:term":[{"taxonomy":"category","embeddable":true,"href":"https:\/\/agora.xtec.cat\/esc-teresabergada\/wp-json\/wp\/v2\/categories?post=11484"},{"taxonomy":"post_tag","embeddable":true,"href":"https:\/\/agora.xtec.cat\/esc-teresabergada\/wp-json\/wp\/v2\/tags?post=11484"}],"curies":[{"name":"wp","href":"https:\/\/api.w.org\/{rel}","templated":true}]}}