{"id":11479,"date":"2023-05-04T14:08:13","date_gmt":"2023-05-04T12:08:13","guid":{"rendered":"https:\/\/agora.xtec.cat\/esc-teresabergada\/?p=11479"},"modified":"2023-05-04T14:08:13","modified_gmt":"2023-05-04T12:08:13","slug":"setmana-cultural","status":"publish","type":"post","link":"https:\/\/agora.xtec.cat\/esc-teresabergada\/blocs-de-primaria\/6e\/setmana-cultural\/","title":{"rendered":"SETMANA CULTURAL"},"content":{"rendered":"<p style=\"text-align: justify\"><span style=\"font-weight: 400\">La setmana del 24 al 28 d&#8217;abril vam fer la setmana cultural a l&#8217;escola, des d&#8217;I3 fins a 6\u00e8. Vam<\/span><span style=\"font-weight: 400\"> fer tot d&#8217;activitats, tallers i xerrades diferents, al llarg de la setmana.<\/span><\/p>\n<p style=\"text-align: justify\"><span style=\"font-weight: 400\">\u2b50Dilluns van venir els <em>bombers<\/em> que treballen amb gossos de rescat. Ens van explicar que tenien dos races de gossos depenent de la situaci\u00f3 que es trobaven. Al pati gran ens van fer una demostraci\u00f3. Una nena es va amagar en <\/span><span style=\"font-weight: 400\">una capsa de cartr\u00f3 per a que la trobessin.<\/span><\/p>\n<p style=\"text-align: justify\"><span style=\"font-weight: 400\">\u2b50Dimarts ens va tocar el <em>Nereu Bike<\/em>. Vam fer una ruta per la serra amb bicicletes. Va ser una estona molt llarga i ens vam cansar molt. A l&#8217;hora del pati van venir padrins i padrines a jugar amb nosaltres!\u00a0 Per la tarda vam jugar a <em>bitlles. <\/em>Hav\u00edem de contar els punts que f\u00e8iem. El m\u00e0xim era si tir\u00e0vem totes les bitlles menys una.<\/span><\/p>\n<p style=\"text-align: justify\"><span style=\"font-weight: 400\">\u2b50Dimecres, amb<em> Internet segura<\/em>, ens van explicar coses molt interessants sobre les xarxes socials: <em>Tik Tok, Instagram<\/em>,&#8230; Despr\u00e9s del pati ens van fer una <em>animaci\u00f3 lectora<\/em> sobre el conte tradicional del Geperut de Notre-Dame. A<\/span><span style=\"font-weight: 400\"> la tarda vam fer l&#8217;activitat d&#8217;<em>esports adaptats, <\/em>per posar-nos a la pell de les persones amb discapacitat f\u00edsica. Va ser molt divertit utilitzar les cadires de rodes!<\/span><\/p>\n<p style=\"text-align: justify\"><span style=\"font-weight: 400\">\u2b50Dijous vam fer un taller amb el <em>Nereu d&#8217;alimentaci\u00f3 saludable<\/em> i ens van explicar que no hem de menjar tan sucre. Despr\u00e9s del pati ens van fer una xerrada de <em>diversitat sexual i de g\u00e8nere<\/em> i ens van explicar qu\u00e8 signifiquen les lletres LGTBIQ+.\u00a0\u00a0<\/span><\/p>\n<p style=\"text-align: justify\"><span style=\"font-weight: 400\">\u2b50Divendres al mat\u00ed, els alumnes de cicle superior, vam fer una demostraci\u00f3 de <em>Zumba<\/em>\u00a0 i cada curs va fer un ball per ensenyar-lo. Despr\u00e9s, va venir un noi, professor de zumba, per ensenyar-nos a tota l&#8217;escola i ballava s\u00faper b\u00e9! A la tarda vam fer una sortida amb les fam\u00edlies, al parc de les piscines i vam berenar coca i xocolata.<\/span><\/p>\n<p>Vam gaudir molt de totes les activitats que vam fer perqu\u00e8 va ser una setmana molt xula!<\/p>\n<p>&nbsp;<\/p>\n<p>Ilario i Orkia<\/p>\n<p><em>*Podeu veure totes les fotografies al Drive compartit amb les fam\u00edlies.<\/em><\/p>\n","protected":false},"excerpt":{"rendered":"<p>La setmana del 24 al 28 d&#8217;abril vam fer la setmana cultural a l&#8217;escola, des d&#8217;I3 fins a 6\u00e8. Vam fer tot d&#8217;activitats, tallers i xerrades diferents, al llarg de la setmana.<br \/>\n\u2b50Dilluns van venir els bombers que treballen amb gossos de rescat. Ens van explicar&hellip;  <a href=\"https:\/\/agora.xtec.cat\/esc-teresabergada\/blocs-de-primaria\/6e\/setmana-cultural\/\" title=\"Read SETMANA CULTURAL\">Llegeix m\u00e9s\u00bb<\/a><\/p>\n","protected":false},"author":28,"featured_media":11480,"comment_status":"open","ping_status":"closed","sticky":false,"template":"","format":"standard","meta":{"_bbp_topic_count":0,"_bbp_reply_count":0,"_bbp_total_topic_count":0,"_bbp_total_reply_count":0,"_bbp_voice_count":0,"_bbp_anonymous_reply_count":0,"_bbp_topic_count_hidden":0,"_bbp_reply_count_hidden":0,"_bbp_forum_subforum_count":0,"footnotes":""},"categories":[349,240],"tags":[],"class_list":["post-11479","post","type-post","status-publish","format-standard","has-post-thumbnail","hentry","category-5e","category-6e"],"post_mailing_queue_ids":[],"_links":{"self":[{"href":"https:\/\/agora.xtec.cat\/esc-teresabergada\/wp-json\/wp\/v2\/posts\/11479","targetHints":{"allow":["GET"]}}],"collection":[{"href":"https:\/\/agora.xtec.cat\/esc-teresabergada\/wp-json\/wp\/v2\/posts"}],"about":[{"href":"https:\/\/agora.xtec.cat\/esc-teresabergada\/wp-json\/wp\/v2\/types\/post"}],"author":[{"embeddable":true,"href":"https:\/\/agora.xtec.cat\/esc-teresabergada\/wp-json\/wp\/v2\/users\/28"}],"replies":[{"embeddable":true,"href":"https:\/\/agora.xtec.cat\/esc-teresabergada\/wp-json\/wp\/v2\/comments?post=11479"}],"version-history":[{"count":3,"href":"https:\/\/agora.xtec.cat\/esc-teresabergada\/wp-json\/wp\/v2\/posts\/11479\/revisions"}],"predecessor-version":[{"id":11483,"href":"https:\/\/agora.xtec.cat\/esc-teresabergada\/wp-json\/wp\/v2\/posts\/11479\/revisions\/11483"}],"wp:featuredmedia":[{"embeddable":true,"href":"https:\/\/agora.xtec.cat\/esc-teresabergada\/wp-json\/wp\/v2\/media\/11480"}],"wp:attachment":[{"href":"https:\/\/agora.xtec.cat\/esc-teresabergada\/wp-json\/wp\/v2\/media?parent=11479"}],"wp:term":[{"taxonomy":"category","embeddable":true,"href":"https:\/\/agora.xtec.cat\/esc-teresabergada\/wp-json\/wp\/v2\/categories?post=11479"},{"taxonomy":"post_tag","embeddable":true,"href":"https:\/\/agora.xtec.cat\/esc-teresabergada\/wp-json\/wp\/v2\/tags?post=11479"}],"curies":[{"name":"wp","href":"https:\/\/api.w.org\/{rel}","templated":true}]}}