{"id":11471,"date":"2023-05-04T12:22:38","date_gmt":"2023-05-04T10:22:38","guid":{"rendered":"https:\/\/agora.xtec.cat\/esc-teresabergada\/?p=11471"},"modified":"2023-05-04T12:22:38","modified_gmt":"2023-05-04T10:22:38","slug":"sant-jordi","status":"publish","type":"post","link":"https:\/\/agora.xtec.cat\/esc-teresabergada\/blocs-de-primaria\/6e\/sant-jordi\/","title":{"rendered":"SANT JORDI"},"content":{"rendered":"<p><span style=\"font-weight: 400\">Els dies 21 i 22 d\u2019abril vam fer diverses activitats relacionades amb Sant Jordi, com ara un teatre i uns tallers als nens i nenes d\u2019infantil.<\/span><\/p>\n<p><span style=\"font-weight: 400\">El dijous a la tarda tot el col\u00b7legi vam anar al casal a veure un teatre. Va estar molt divertit perqu\u00e8 no era la llegenda t\u00edpica que tots coneix\u00edem, sin\u00f3 que era una barreja,\u00a0 on molts cops ens feia riure o ens emocionava.<\/span><\/p>\n<p><a href=\"https:\/\/agora.xtec.cat\/esc-teresabergada\/wp-content\/uploads\/usu1533\/2023\/05\/20230420_161859-scaled.jpg\"><img loading=\"lazy\" decoding=\"async\" class=\"alignnone  wp-image-11476\" src=\"https:\/\/agora.xtec.cat\/esc-teresabergada\/wp-content\/uploads\/usu1533\/2023\/05\/20230420_161859-1024x478.jpg\" alt=\"\" width=\"587\" height=\"274\" srcset=\"https:\/\/agora.xtec.cat\/esc-teresabergada\/wp-content\/uploads\/usu1533\/2023\/05\/20230420_161859-1024x478.jpg 1024w, https:\/\/agora.xtec.cat\/esc-teresabergada\/wp-content\/uploads\/usu1533\/2023\/05\/20230420_161859-300x140.jpg 300w, https:\/\/agora.xtec.cat\/esc-teresabergada\/wp-content\/uploads\/usu1533\/2023\/05\/20230420_161859-768x359.jpg 768w, https:\/\/agora.xtec.cat\/esc-teresabergada\/wp-content\/uploads\/usu1533\/2023\/05\/20230420_161859-1536x717.jpg 1536w, https:\/\/agora.xtec.cat\/esc-teresabergada\/wp-content\/uploads\/usu1533\/2023\/05\/20230420_161859-2048x956.jpg 2048w\" sizes=\"auto, (max-width: 587px) 100vw, 587px\" \/><\/a><\/p>\n<p><span style=\"font-weight: 400\">El divendres, al mat\u00ed, vam preparar activitats per als petits de l\u2019escola. Per fer-ho, ens vam col\u00b7locar en grups de sis. Els tallers constaven de dues activitats: una on hav\u00edem de fer un imant amb forma de drac i l\u2019altra, un punt de llibre que semblava una rosa, pintat amb els dits i les mans. Mentre dos grups feien aix\u00f2, un altre feia una petita representaci\u00f3 d\u2019una obra d\u2019art. Despr\u00e9s del pati, vam anar a la paradeta de llibres de l\u2019escola. N\u2019hi havia molt\u00edssims! Nosaltres vam poder portar diners per si en vol\u00edem comprar algun.\u00a0<\/span><\/p>\n<p><a href=\"https:\/\/agora.xtec.cat\/esc-teresabergada\/wp-content\/uploads\/usu1533\/2023\/05\/IMG_7154.jpg\"><img loading=\"lazy\" decoding=\"async\" class=\"alignnone  wp-image-11474\" src=\"https:\/\/agora.xtec.cat\/esc-teresabergada\/wp-content\/uploads\/usu1533\/2023\/05\/IMG_7154.jpg\" alt=\"\" width=\"278\" height=\"209\" srcset=\"https:\/\/agora.xtec.cat\/esc-teresabergada\/wp-content\/uploads\/usu1533\/2023\/05\/IMG_7154.jpg 640w, https:\/\/agora.xtec.cat\/esc-teresabergada\/wp-content\/uploads\/usu1533\/2023\/05\/IMG_7154-300x225.jpg 300w, https:\/\/agora.xtec.cat\/esc-teresabergada\/wp-content\/uploads\/usu1533\/2023\/05\/IMG_7154-200x150.jpg 200w\" sizes=\"auto, (max-width: 278px) 100vw, 278px\" \/><\/a> <a href=\"https:\/\/agora.xtec.cat\/esc-teresabergada\/wp-content\/uploads\/usu1533\/2023\/05\/IMG_20230421_130710-scaled.jpg\"><img loading=\"lazy\" decoding=\"async\" class=\"alignnone  wp-image-11473\" src=\"https:\/\/agora.xtec.cat\/esc-teresabergada\/wp-content\/uploads\/usu1533\/2023\/05\/IMG_20230421_130710-1024x712.jpg\" alt=\"\" width=\"302\" height=\"210\" srcset=\"https:\/\/agora.xtec.cat\/esc-teresabergada\/wp-content\/uploads\/usu1533\/2023\/05\/IMG_20230421_130710-1024x712.jpg 1024w, https:\/\/agora.xtec.cat\/esc-teresabergada\/wp-content\/uploads\/usu1533\/2023\/05\/IMG_20230421_130710-300x209.jpg 300w, https:\/\/agora.xtec.cat\/esc-teresabergada\/wp-content\/uploads\/usu1533\/2023\/05\/IMG_20230421_130710-768x534.jpg 768w, https:\/\/agora.xtec.cat\/esc-teresabergada\/wp-content\/uploads\/usu1533\/2023\/05\/IMG_20230421_130710-1536x1068.jpg 1536w, https:\/\/agora.xtec.cat\/esc-teresabergada\/wp-content\/uploads\/usu1533\/2023\/05\/IMG_20230421_130710-2048x1424.jpg 2048w\" sizes=\"auto, (max-width: 302px) 100vw, 302px\" \/><\/a> <a href=\"https:\/\/agora.xtec.cat\/esc-teresabergada\/wp-content\/uploads\/usu1533\/2023\/05\/IMG-20230421-WA0044.jpg\"><img loading=\"lazy\" decoding=\"async\" class=\"alignnone  wp-image-11472\" src=\"https:\/\/agora.xtec.cat\/esc-teresabergada\/wp-content\/uploads\/usu1533\/2023\/05\/IMG-20230421-WA0044-1024x655.jpg\" alt=\"\" width=\"327\" height=\"209\" srcset=\"https:\/\/agora.xtec.cat\/esc-teresabergada\/wp-content\/uploads\/usu1533\/2023\/05\/IMG-20230421-WA0044-1024x655.jpg 1024w, https:\/\/agora.xtec.cat\/esc-teresabergada\/wp-content\/uploads\/usu1533\/2023\/05\/IMG-20230421-WA0044-300x192.jpg 300w, https:\/\/agora.xtec.cat\/esc-teresabergada\/wp-content\/uploads\/usu1533\/2023\/05\/IMG-20230421-WA0044-768x492.jpg 768w, https:\/\/agora.xtec.cat\/esc-teresabergada\/wp-content\/uploads\/usu1533\/2023\/05\/IMG-20230421-WA0044-1536x983.jpg 1536w, https:\/\/agora.xtec.cat\/esc-teresabergada\/wp-content\/uploads\/usu1533\/2023\/05\/IMG-20230421-WA0044.jpg 1592w\" sizes=\"auto, (max-width: 327px) 100vw, 327px\" \/><\/a><\/p>\n<p><span style=\"font-weight: 400\">Quan vam sortir a les 12\u201930 per anar a dinar, la teacher Maria ens va dir que hav\u00edem d\u2019estar deu minuts abans de comen\u00e7ar, a la tarda. Tots els de sis\u00e8 vam anar passant per totes les classes per explicar un Power Point sobre com podem ajudar al planeta. Despr\u00e9s d\u2019explicar-ho, en angl\u00e8s, les dos classes de sis\u00e8 ens vam ajuntar per mirar una pel\u00b7l\u00edcula que es diu: \u201cEl mejor verano de mi vida\u201d. Ens va agradar per\u00f2 per falta de temps no la vam poder acabar.\u00a0<\/span><\/p>\n<p><span style=\"font-weight: 400\">Va estar un dia molt rod\u00f3 i divertit!\u00a0<\/span><\/p>\n<p>&nbsp;<\/p>\n<p><span style=\"font-weight: 400\">Quim i Axel<\/span><\/p>\n<p>&nbsp;<\/p>\n","protected":false},"excerpt":{"rendered":"<p>Els dies 21 i 22 d\u2019abril vam fer diverses activitats relacionades amb Sant Jordi, com ara un teatre i uns tallers als nens i nenes d\u2019infantil.<br \/>\nEl dijous a la tarda tot el col\u00b7legi vam anar al casal a veure un teatre. Va estar molt divertit&hellip;  <a href=\"https:\/\/agora.xtec.cat\/esc-teresabergada\/blocs-de-primaria\/6e\/sant-jordi\/\" title=\"Read SANT JORDI\">Llegeix m\u00e9s\u00bb<\/a><\/p>\n","protected":false},"author":28,"featured_media":11477,"comment_status":"open","ping_status":"closed","sticky":false,"template":"","format":"standard","meta":{"_bbp_topic_count":0,"_bbp_reply_count":0,"_bbp_total_topic_count":0,"_bbp_total_reply_count":0,"_bbp_voice_count":0,"_bbp_anonymous_reply_count":0,"_bbp_topic_count_hidden":0,"_bbp_reply_count_hidden":0,"_bbp_forum_subforum_count":0,"footnotes":""},"categories":[349,240],"tags":[],"class_list":["post-11471","post","type-post","status-publish","format-standard","has-post-thumbnail","hentry","category-5e","category-6e"],"post_mailing_queue_ids":[],"_links":{"self":[{"href":"https:\/\/agora.xtec.cat\/esc-teresabergada\/wp-json\/wp\/v2\/posts\/11471","targetHints":{"allow":["GET"]}}],"collection":[{"href":"https:\/\/agora.xtec.cat\/esc-teresabergada\/wp-json\/wp\/v2\/posts"}],"about":[{"href":"https:\/\/agora.xtec.cat\/esc-teresabergada\/wp-json\/wp\/v2\/types\/post"}],"author":[{"embeddable":true,"href":"https:\/\/agora.xtec.cat\/esc-teresabergada\/wp-json\/wp\/v2\/users\/28"}],"replies":[{"embeddable":true,"href":"https:\/\/agora.xtec.cat\/esc-teresabergada\/wp-json\/wp\/v2\/comments?post=11471"}],"version-history":[{"count":1,"href":"https:\/\/agora.xtec.cat\/esc-teresabergada\/wp-json\/wp\/v2\/posts\/11471\/revisions"}],"predecessor-version":[{"id":11478,"href":"https:\/\/agora.xtec.cat\/esc-teresabergada\/wp-json\/wp\/v2\/posts\/11471\/revisions\/11478"}],"wp:featuredmedia":[{"embeddable":true,"href":"https:\/\/agora.xtec.cat\/esc-teresabergada\/wp-json\/wp\/v2\/media\/11477"}],"wp:attachment":[{"href":"https:\/\/agora.xtec.cat\/esc-teresabergada\/wp-json\/wp\/v2\/media?parent=11471"}],"wp:term":[{"taxonomy":"category","embeddable":true,"href":"https:\/\/agora.xtec.cat\/esc-teresabergada\/wp-json\/wp\/v2\/categories?post=11471"},{"taxonomy":"post_tag","embeddable":true,"href":"https:\/\/agora.xtec.cat\/esc-teresabergada\/wp-json\/wp\/v2\/tags?post=11471"}],"curies":[{"name":"wp","href":"https:\/\/api.w.org\/{rel}","templated":true}]}}