{"id":11435,"date":"2023-04-13T11:52:17","date_gmt":"2023-04-13T09:52:17","guid":{"rendered":"https:\/\/agora.xtec.cat\/esc-teresabergada\/?p=11435"},"modified":"2023-04-13T11:56:33","modified_gmt":"2023-04-13T09:56:33","slug":"entrevistem-als-nostres-padrins","status":"publish","type":"post","link":"https:\/\/agora.xtec.cat\/esc-teresabergada\/blocs-de-primaria\/6e\/entrevistem-als-nostres-padrins\/","title":{"rendered":"ENTREVISTEM ALS NOSTRES PADRINS I PADRINES"},"content":{"rendered":"<p style=\"text-align: justify\"><span style=\"font-weight: 400\">El dia 30 de mar\u00e7, l\u2019alumnat de 6\u00e8A i 6\u00e8B, vam anar a la Llar dels Jubilats a fer entrevistes als padrins i padrines del poble. <\/span><\/p>\n<p style=\"text-align: justify\"><span style=\"font-weight: 400\">Aquesta visita est\u00e0 lligada al treball de l\u2019entrevista com a tipologia textual. A m\u00e9s a m\u00e9s, ens serveix per treballar el projecte d\u2019hist\u00f2ria moderna i contempor\u00e0nia ja que amb la informaci\u00f3 que ens han donat podem con\u00e8ixer el passat d\u2019alg\u00fa. <\/span><span style=\"font-weight: 400\">Dies abans, l&#8217;alumnat ens hav\u00edem preparat, per parelles, les preguntes que els far\u00edem als padrins i padrines per poder saber m\u00e9s de la seva infantesa i vida.<\/span><\/p>\n<p style=\"text-align: justify\"><span style=\"font-weight: 400\">Al final, penjarem les entrevistes que vam fer per parelles en un document \u201cDrive\u201d, en una paret de l\u2019escola. Ben aviat, convidarem als padrins i padrines a venir a veure-les al hall de cicle superior. <\/span><span style=\"font-weight: 400\">Va ser una trobada molt bonica on els padrins i els alumnes vam gaudir molt de l&#8217;experi\u00e8ncia!<\/span><\/p>\n<p style=\"text-align: justify\"><span style=\"font-weight: 400\">Edgar Garcia i Isaac Farreny<\/span><\/p>\n","protected":false},"excerpt":{"rendered":"<p>El dia 30 de mar\u00e7, l\u2019alumnat de 6\u00e8A i 6\u00e8B, vam anar a la Llar dels Jubilats a fer entrevistes als padrins i padrines del poble.<br \/>\nAquesta visita est\u00e0 lligada al treball de l\u2019entrevista com a tipologia textual. A m\u00e9s a m\u00e9s, ens serveix per&hellip;  <a href=\"https:\/\/agora.xtec.cat\/esc-teresabergada\/blocs-de-primaria\/6e\/entrevistem-als-nostres-padrins\/\" title=\"Read ENTREVISTEM ALS NOSTRES PADRINS I PADRINES\">Llegeix m\u00e9s\u00bb<\/a><\/p>\n","protected":false},"author":28,"featured_media":11436,"comment_status":"open","ping_status":"closed","sticky":false,"template":"","format":"standard","meta":{"_bbp_topic_count":0,"_bbp_reply_count":0,"_bbp_total_topic_count":0,"_bbp_total_reply_count":0,"_bbp_voice_count":0,"_bbp_anonymous_reply_count":0,"_bbp_topic_count_hidden":0,"_bbp_reply_count_hidden":0,"_bbp_forum_subforum_count":0,"footnotes":""},"categories":[349,240],"tags":[],"class_list":["post-11435","post","type-post","status-publish","format-standard","has-post-thumbnail","hentry","category-5e","category-6e"],"post_mailing_queue_ids":[],"_links":{"self":[{"href":"https:\/\/agora.xtec.cat\/esc-teresabergada\/wp-json\/wp\/v2\/posts\/11435","targetHints":{"allow":["GET"]}}],"collection":[{"href":"https:\/\/agora.xtec.cat\/esc-teresabergada\/wp-json\/wp\/v2\/posts"}],"about":[{"href":"https:\/\/agora.xtec.cat\/esc-teresabergada\/wp-json\/wp\/v2\/types\/post"}],"author":[{"embeddable":true,"href":"https:\/\/agora.xtec.cat\/esc-teresabergada\/wp-json\/wp\/v2\/users\/28"}],"replies":[{"embeddable":true,"href":"https:\/\/agora.xtec.cat\/esc-teresabergada\/wp-json\/wp\/v2\/comments?post=11435"}],"version-history":[{"count":3,"href":"https:\/\/agora.xtec.cat\/esc-teresabergada\/wp-json\/wp\/v2\/posts\/11435\/revisions"}],"predecessor-version":[{"id":11443,"href":"https:\/\/agora.xtec.cat\/esc-teresabergada\/wp-json\/wp\/v2\/posts\/11435\/revisions\/11443"}],"wp:featuredmedia":[{"embeddable":true,"href":"https:\/\/agora.xtec.cat\/esc-teresabergada\/wp-json\/wp\/v2\/media\/11436"}],"wp:attachment":[{"href":"https:\/\/agora.xtec.cat\/esc-teresabergada\/wp-json\/wp\/v2\/media?parent=11435"}],"wp:term":[{"taxonomy":"category","embeddable":true,"href":"https:\/\/agora.xtec.cat\/esc-teresabergada\/wp-json\/wp\/v2\/categories?post=11435"},{"taxonomy":"post_tag","embeddable":true,"href":"https:\/\/agora.xtec.cat\/esc-teresabergada\/wp-json\/wp\/v2\/tags?post=11435"}],"curies":[{"name":"wp","href":"https:\/\/api.w.org\/{rel}","templated":true}]}}