{"id":11432,"date":"2023-03-30T11:34:28","date_gmt":"2023-03-30T09:34:28","guid":{"rendered":"https:\/\/agora.xtec.cat\/esc-teresabergada\/?p=11432"},"modified":"2023-03-30T11:34:28","modified_gmt":"2023-03-30T09:34:28","slug":"entrevistes-a-lescola","status":"publish","type":"post","link":"https:\/\/agora.xtec.cat\/esc-teresabergada\/blocs-de-primaria\/6e\/entrevistes-a-lescola\/","title":{"rendered":"ENTREVISTES A L&#8217;ESCOLA"},"content":{"rendered":"<p style=\"text-align: justify\"><span style=\"font-weight: 400\">Durant aquestes dos setmanes els alumnes de cinqu\u00e8 ens hem estat preparant per fer entrevistes a les mestres i mestre de l\u2019escola.<\/span><\/p>\n<p style=\"text-align: justify\"><span style=\"font-weight: 400\">Vam fer un sorteig per saber qui feia l\u2019entrevista a qui i a partir d\u2019aqu\u00ed vam comen\u00e7ar a preparar-ho. Despr\u00e9s, vam escriure un gui\u00f3 a la llibreta blanca, escrivint deu possibles preguntes. Ho vam corregir i finalment ho vam passar a net. <\/span><span style=\"font-weight: 400\">El divendres passat vam anar a preguntar a les mestres quan els anava b\u00e9 per fer-los les entrevistes. Ens van donar diferents dies i hores, des d&#8217;un dilluns a l\u2019hora del pati fins al divendres, a la mateixa hora.<\/span><\/p>\n<p style=\"text-align: justify\"><span style=\"font-weight: 400\">Tot aix\u00f2 va ser gr\u00e0cies a la Pili Garcia, una locutora de r\u00e0dio que ens ho va explicar tot sobre les entrevistes, el dia que vam anar a visitar la r\u00e0dio del poble. <\/span><span style=\"font-weight: 400\">Ens va donar un missatge molt important: <\/span><i><span style=\"font-weight: 400\">TOTHOM T\u00c9 UNA ENTREVISTA!<\/span><\/i><\/p>\n<p>&nbsp;<\/p>\n<p><span style=\"font-weight: 400\">Sara Moix i Eider Quilez<\/span><\/p>\n<p>&nbsp;<\/p>\n","protected":false},"excerpt":{"rendered":"<p>Durant aquestes dos setmanes els alumnes de cinqu\u00e8 ens hem estat preparant per fer entrevistes a les mestres i mestre de l\u2019escola.<br \/>\nVam fer un sorteig per saber qui feia l\u2019entrevista a qui i a partir d\u2019aqu\u00ed vam comen\u00e7ar a preparar-ho. Despr\u00e9s, vam escriure un gui\u00f3&hellip;  <a href=\"https:\/\/agora.xtec.cat\/esc-teresabergada\/blocs-de-primaria\/6e\/entrevistes-a-lescola\/\" title=\"Read ENTREVISTES A L&#8217;ESCOLA\">Llegeix m\u00e9s\u00bb<\/a><\/p>\n","protected":false},"author":28,"featured_media":11433,"comment_status":"open","ping_status":"closed","sticky":false,"template":"","format":"standard","meta":{"_bbp_topic_count":0,"_bbp_reply_count":0,"_bbp_total_topic_count":0,"_bbp_total_reply_count":0,"_bbp_voice_count":0,"_bbp_anonymous_reply_count":0,"_bbp_topic_count_hidden":0,"_bbp_reply_count_hidden":0,"_bbp_forum_subforum_count":0,"footnotes":""},"categories":[349,240],"tags":[],"class_list":["post-11432","post","type-post","status-publish","format-standard","has-post-thumbnail","hentry","category-5e","category-6e"],"post_mailing_queue_ids":[],"_links":{"self":[{"href":"https:\/\/agora.xtec.cat\/esc-teresabergada\/wp-json\/wp\/v2\/posts\/11432","targetHints":{"allow":["GET"]}}],"collection":[{"href":"https:\/\/agora.xtec.cat\/esc-teresabergada\/wp-json\/wp\/v2\/posts"}],"about":[{"href":"https:\/\/agora.xtec.cat\/esc-teresabergada\/wp-json\/wp\/v2\/types\/post"}],"author":[{"embeddable":true,"href":"https:\/\/agora.xtec.cat\/esc-teresabergada\/wp-json\/wp\/v2\/users\/28"}],"replies":[{"embeddable":true,"href":"https:\/\/agora.xtec.cat\/esc-teresabergada\/wp-json\/wp\/v2\/comments?post=11432"}],"version-history":[{"count":1,"href":"https:\/\/agora.xtec.cat\/esc-teresabergada\/wp-json\/wp\/v2\/posts\/11432\/revisions"}],"predecessor-version":[{"id":11434,"href":"https:\/\/agora.xtec.cat\/esc-teresabergada\/wp-json\/wp\/v2\/posts\/11432\/revisions\/11434"}],"wp:featuredmedia":[{"embeddable":true,"href":"https:\/\/agora.xtec.cat\/esc-teresabergada\/wp-json\/wp\/v2\/media\/11433"}],"wp:attachment":[{"href":"https:\/\/agora.xtec.cat\/esc-teresabergada\/wp-json\/wp\/v2\/media?parent=11432"}],"wp:term":[{"taxonomy":"category","embeddable":true,"href":"https:\/\/agora.xtec.cat\/esc-teresabergada\/wp-json\/wp\/v2\/categories?post=11432"},{"taxonomy":"post_tag","embeddable":true,"href":"https:\/\/agora.xtec.cat\/esc-teresabergada\/wp-json\/wp\/v2\/tags?post=11432"}],"curies":[{"name":"wp","href":"https:\/\/api.w.org\/{rel}","templated":true}]}}