{"id":11416,"date":"2023-03-23T11:42:17","date_gmt":"2023-03-23T10:42:17","guid":{"rendered":"https:\/\/agora.xtec.cat\/esc-teresabergada\/?p=11416"},"modified":"2023-03-23T11:43:38","modified_gmt":"2023-03-23T10:43:38","slug":"nou-projecte","status":"publish","type":"post","link":"https:\/\/agora.xtec.cat\/esc-teresabergada\/blocs-de-primaria\/6e\/nou-projecte\/","title":{"rendered":"NOU PROJECTE"},"content":{"rendered":"<p style=\"text-align: justify\"><span style=\"font-weight: 400\">Els alumnes de sis\u00e8 A hem comen\u00e7at un nou projecte, anomenat \u201cHist\u00f2ria de l\u2019edat moderna i contempor\u00e0nia\u201d. Aquest projecte es realitzar\u00e0 durant el que queda de curs.<\/span><\/p>\n<p style=\"text-align: justify\"><span style=\"font-weight: 400\">Per comen\u00e7ar aquest projecte la senyoreta ens va dir que port\u00e9ssim informaci\u00f3 de fets importants des de que es va descobrir Am\u00e8rica fins ara, a l\u2019actualitat.\u00a0<\/span><span style=\"font-weight: 400\">L&#8217;endem\u00e0, vam fer una l\u00ednia del temps al mural i ho vam penjar per ordre d\u2019any. Al final van sortir molts fet importants com l\u2019invent del ferrocarril i l\u2019invent del microscopi, entre d\u2019altres.<\/span><\/p>\n<p><a href=\"https:\/\/agora.xtec.cat\/esc-teresabergada\/wp-content\/uploads\/usu1533\/2023\/03\/1679485840551.jpg\"><img loading=\"lazy\" decoding=\"async\" class=\"alignnone wp-image-11417\" src=\"https:\/\/agora.xtec.cat\/esc-teresabergada\/wp-content\/uploads\/usu1533\/2023\/03\/1679485840551-1024x768.jpg\" alt=\"\" width=\"615\" height=\"461\" srcset=\"https:\/\/agora.xtec.cat\/esc-teresabergada\/wp-content\/uploads\/usu1533\/2023\/03\/1679485840551-1024x768.jpg 1024w, https:\/\/agora.xtec.cat\/esc-teresabergada\/wp-content\/uploads\/usu1533\/2023\/03\/1679485840551-300x225.jpg 300w, https:\/\/agora.xtec.cat\/esc-teresabergada\/wp-content\/uploads\/usu1533\/2023\/03\/1679485840551-768x576.jpg 768w, https:\/\/agora.xtec.cat\/esc-teresabergada\/wp-content\/uploads\/usu1533\/2023\/03\/1679485840551-1536x1152.jpg 1536w, https:\/\/agora.xtec.cat\/esc-teresabergada\/wp-content\/uploads\/usu1533\/2023\/03\/1679485840551-200x150.jpg 200w, https:\/\/agora.xtec.cat\/esc-teresabergada\/wp-content\/uploads\/usu1533\/2023\/03\/1679485840551.jpg 2048w\" sizes=\"auto, (max-width: 615px) 100vw, 615px\" \/><\/a><\/p>\n<p><span style=\"font-weight: 400\">Esperem aprendre moltes coses m\u00e9s!\u00a0<\/span><span style=\"font-weight: 400\">Durant aquests mesos us anirem informant sobre aquest tema.<\/span><\/p>\n<p>&nbsp;<\/p>\n<p><span style=\"font-weight: 400\">Pau Rosell i Noem\u00ed Perez<\/span><\/p>\n<p>&nbsp;<\/p>\n","protected":false},"excerpt":{"rendered":"<p>Els alumnes de sis\u00e8 A hem comen\u00e7at un nou projecte, anomenat \u201cHist\u00f2ria de l\u2019edat moderna i contempor\u00e0nia\u201d. Aquest projecte es realitzar\u00e0 durant el que queda de curs.<br \/>\nPer comen\u00e7ar aquest projecte la senyoreta ens va dir que port\u00e9ssim informaci\u00f3 de fets importants des de que es&hellip;  <a href=\"https:\/\/agora.xtec.cat\/esc-teresabergada\/blocs-de-primaria\/6e\/nou-projecte\/\" title=\"Read NOU PROJECTE\">Llegeix m\u00e9s\u00bb<\/a><\/p>\n","protected":false},"author":28,"featured_media":11419,"comment_status":"open","ping_status":"closed","sticky":false,"template":"","format":"standard","meta":{"_bbp_topic_count":0,"_bbp_reply_count":0,"_bbp_total_topic_count":0,"_bbp_total_reply_count":0,"_bbp_voice_count":0,"_bbp_anonymous_reply_count":0,"_bbp_topic_count_hidden":0,"_bbp_reply_count_hidden":0,"_bbp_forum_subforum_count":0,"footnotes":""},"categories":[349,240],"tags":[],"class_list":["post-11416","post","type-post","status-publish","format-standard","has-post-thumbnail","hentry","category-5e","category-6e"],"post_mailing_queue_ids":[],"_links":{"self":[{"href":"https:\/\/agora.xtec.cat\/esc-teresabergada\/wp-json\/wp\/v2\/posts\/11416","targetHints":{"allow":["GET"]}}],"collection":[{"href":"https:\/\/agora.xtec.cat\/esc-teresabergada\/wp-json\/wp\/v2\/posts"}],"about":[{"href":"https:\/\/agora.xtec.cat\/esc-teresabergada\/wp-json\/wp\/v2\/types\/post"}],"author":[{"embeddable":true,"href":"https:\/\/agora.xtec.cat\/esc-teresabergada\/wp-json\/wp\/v2\/users\/28"}],"replies":[{"embeddable":true,"href":"https:\/\/agora.xtec.cat\/esc-teresabergada\/wp-json\/wp\/v2\/comments?post=11416"}],"version-history":[{"count":2,"href":"https:\/\/agora.xtec.cat\/esc-teresabergada\/wp-json\/wp\/v2\/posts\/11416\/revisions"}],"predecessor-version":[{"id":11421,"href":"https:\/\/agora.xtec.cat\/esc-teresabergada\/wp-json\/wp\/v2\/posts\/11416\/revisions\/11421"}],"wp:featuredmedia":[{"embeddable":true,"href":"https:\/\/agora.xtec.cat\/esc-teresabergada\/wp-json\/wp\/v2\/media\/11419"}],"wp:attachment":[{"href":"https:\/\/agora.xtec.cat\/esc-teresabergada\/wp-json\/wp\/v2\/media?parent=11416"}],"wp:term":[{"taxonomy":"category","embeddable":true,"href":"https:\/\/agora.xtec.cat\/esc-teresabergada\/wp-json\/wp\/v2\/categories?post=11416"},{"taxonomy":"post_tag","embeddable":true,"href":"https:\/\/agora.xtec.cat\/esc-teresabergada\/wp-json\/wp\/v2\/tags?post=11416"}],"curies":[{"name":"wp","href":"https:\/\/api.w.org\/{rel}","templated":true}]}}