{"id":11402,"date":"2023-03-20T13:07:14","date_gmt":"2023-03-20T12:07:14","guid":{"rendered":"https:\/\/agora.xtec.cat\/esc-teresabergada\/?p=11402"},"modified":"2023-03-20T13:48:17","modified_gmt":"2023-03-20T12:48:17","slug":"camp-daprenentatge-de-barcelona","status":"publish","type":"post","link":"https:\/\/agora.xtec.cat\/esc-teresabergada\/blocs-de-primaria\/6e\/camp-daprenentatge-de-barcelona\/","title":{"rendered":"CAMP D&#8217;APRENENTATGE DE BARCELONA"},"content":{"rendered":"<p style=\"text-align: justify\"><span style=\"font-weight: 400\">Els dies 8, 9 i 10 de mar\u00e7 vam anar de col\u00f2nies, tot cicle superior, al camp d\u2019aprenentatge de Barcelona. Ens vam allotjar a l\u2019alberg Xanascat, on totes les instal\u00b7lacions estaven renovades.<\/span><\/p>\n<p style=\"text-align: justify\"><span style=\"font-weight: 400\">A l\u2019arribar, vam anar a una sala que es diu \u201csala Gaud\u00ed\u201d on vam deixar les maletes. Despr\u00e9s, vam anar al castell de Montju\u00efc on vam fer unes activitats per poder situar-nos a la ciutat. Vam col\u00b7locar un mapa al terra ben situat, amb una br\u00faixola i vam subratllar les parts importants que ens anaven dient. Una altra activitat va ser localitzar els diferents monuments, fer-los fotos i mirar amb els prism\u00e0tics per saber m\u00e9s sobre ells. Alguns dels monuments que vam veure van ser els seg\u00fcents: la Torre Gl\u00f2ries, la Sagrada Fam\u00edlia o les Torres Ol\u00edmpiques.<\/span><\/p>\n<p><span style=\"font-weight: 400\"><a href=\"https:\/\/agora.xtec.cat\/esc-teresabergada\/wp-content\/uploads\/usu1533\/2023\/03\/vista-panoramica-de-barcelona-espana-68242455.jpg\"><img loading=\"lazy\" decoding=\"async\" class=\"alignnone wp-image-11407\" src=\"https:\/\/agora.xtec.cat\/esc-teresabergada\/wp-content\/uploads\/usu1533\/2023\/03\/vista-panoramica-de-barcelona-espana-68242455-1024x439.jpg\" alt=\"\" width=\"644\" height=\"276\" srcset=\"https:\/\/agora.xtec.cat\/esc-teresabergada\/wp-content\/uploads\/usu1533\/2023\/03\/vista-panoramica-de-barcelona-espana-68242455-1024x439.jpg 1024w, https:\/\/agora.xtec.cat\/esc-teresabergada\/wp-content\/uploads\/usu1533\/2023\/03\/vista-panoramica-de-barcelona-espana-68242455-300x129.jpg 300w, https:\/\/agora.xtec.cat\/esc-teresabergada\/wp-content\/uploads\/usu1533\/2023\/03\/vista-panoramica-de-barcelona-espana-68242455-768x329.jpg 768w, https:\/\/agora.xtec.cat\/esc-teresabergada\/wp-content\/uploads\/usu1533\/2023\/03\/vista-panoramica-de-barcelona-espana-68242455-1536x659.jpg 1536w, https:\/\/agora.xtec.cat\/esc-teresabergada\/wp-content\/uploads\/usu1533\/2023\/03\/vista-panoramica-de-barcelona-espana-68242455.jpg 1600w\" sizes=\"auto, (max-width: 644px) 100vw, 644px\" \/><\/a><\/span><\/p>\n<p style=\"text-align: justify\"><span style=\"font-weight: 400\">Els dos dies seg\u00fcents vam fer tota una ruta per visitar llocs molt interessants, com: el park G\u00fcell, les cases modernistes del passeig de Gr\u00e0cia, la Pedrera, les Rambles i el mercat de la Boqueria.\u00a0<\/span><\/p>\n<p><a href=\"https:\/\/agora.xtec.cat\/esc-teresabergada\/wp-content\/uploads\/usu1533\/2023\/03\/1639396201824.jpg\">\u00a0<\/a><a href=\"https:\/\/agora.xtec.cat\/esc-teresabergada\/wp-content\/uploads\/usu1533\/2023\/03\/parque-guell.jpg\"><img loading=\"lazy\" decoding=\"async\" class=\"alignnone wp-image-11406\" src=\"https:\/\/agora.xtec.cat\/esc-teresabergada\/wp-content\/uploads\/usu1533\/2023\/03\/parque-guell.jpg\" alt=\"\" width=\"187\" height=\"149\" srcset=\"https:\/\/agora.xtec.cat\/esc-teresabergada\/wp-content\/uploads\/usu1533\/2023\/03\/parque-guell.jpg 430w, https:\/\/agora.xtec.cat\/esc-teresabergada\/wp-content\/uploads\/usu1533\/2023\/03\/parque-guell-300x240.jpg 300w\" sizes=\"auto, (max-width: 187px) 100vw, 187px\" \/><\/a>\u00a0\u00a0<img loading=\"lazy\" decoding=\"async\" class=\" wp-image-11403\" src=\"https:\/\/agora.xtec.cat\/esc-teresabergada\/wp-content\/uploads\/usu1533\/2023\/03\/1639396201824-1024x576.jpg\" alt=\"\" width=\"263\" height=\"148\" srcset=\"https:\/\/agora.xtec.cat\/esc-teresabergada\/wp-content\/uploads\/usu1533\/2023\/03\/1639396201824-1024x576.jpg 1024w, https:\/\/agora.xtec.cat\/esc-teresabergada\/wp-content\/uploads\/usu1533\/2023\/03\/1639396201824-300x169.jpg 300w, https:\/\/agora.xtec.cat\/esc-teresabergada\/wp-content\/uploads\/usu1533\/2023\/03\/1639396201824-768x432.jpg 768w, https:\/\/agora.xtec.cat\/esc-teresabergada\/wp-content\/uploads\/usu1533\/2023\/03\/1639396201824.jpg 1200w\" sizes=\"auto, (max-width: 263px) 100vw, 263px\" \/>\u00a0\u00a0 <a href=\"https:\/\/agora.xtec.cat\/esc-teresabergada\/wp-content\/uploads\/usu1533\/2023\/03\/fachada-590x760-1.png\"><img loading=\"lazy\" decoding=\"async\" class=\"alignnone wp-image-11405\" src=\"https:\/\/agora.xtec.cat\/esc-teresabergada\/wp-content\/uploads\/usu1533\/2023\/03\/fachada-590x760-1.png\" alt=\"\" width=\"114\" height=\"147\" srcset=\"https:\/\/agora.xtec.cat\/esc-teresabergada\/wp-content\/uploads\/usu1533\/2023\/03\/fachada-590x760-1.png 590w, https:\/\/agora.xtec.cat\/esc-teresabergada\/wp-content\/uploads\/usu1533\/2023\/03\/fachada-590x760-1-233x300.png 233w\" sizes=\"auto, (max-width: 114px) 100vw, 114px\" \/>\u00a0 <\/a><a href=\"https:\/\/agora.xtec.cat\/esc-teresabergada\/wp-content\/uploads\/usu1533\/2023\/03\/Barcelona_-_Mercat_de_Sant_Josep_la_Boqueria_-_Entrance.jpg\"><img loading=\"lazy\" decoding=\"async\" class=\" wp-image-11404\" src=\"https:\/\/agora.xtec.cat\/esc-teresabergada\/wp-content\/uploads\/usu1533\/2023\/03\/Barcelona_-_Mercat_de_Sant_Josep_la_Boqueria_-_Entrance-1024x579.jpg\" alt=\"\" width=\"260\" height=\"147\" srcset=\"https:\/\/agora.xtec.cat\/esc-teresabergada\/wp-content\/uploads\/usu1533\/2023\/03\/Barcelona_-_Mercat_de_Sant_Josep_la_Boqueria_-_Entrance-1024x579.jpg 1024w, https:\/\/agora.xtec.cat\/esc-teresabergada\/wp-content\/uploads\/usu1533\/2023\/03\/Barcelona_-_Mercat_de_Sant_Josep_la_Boqueria_-_Entrance-300x170.jpg 300w, https:\/\/agora.xtec.cat\/esc-teresabergada\/wp-content\/uploads\/usu1533\/2023\/03\/Barcelona_-_Mercat_de_Sant_Josep_la_Boqueria_-_Entrance-768x434.jpg 768w, https:\/\/agora.xtec.cat\/esc-teresabergada\/wp-content\/uploads\/usu1533\/2023\/03\/Barcelona_-_Mercat_de_Sant_Josep_la_Boqueria_-_Entrance.jpg 1200w\" sizes=\"auto, (max-width: 260px) 100vw, 260px\" \/><\/a><\/p>\n<p><span style=\"font-weight: 400\">A la nit, despr\u00e9s de sopar, f\u00e8iem jocs de nit com una gimcana o discoteca. A l\u2019anar a dormir, en totes les habitacions, hi havia molt xivarri! \u00c9s a dir, era el moment del \u201cchisme time\u201d.<\/span><\/p>\n<p style=\"text-align: justify\"><span style=\"font-weight: 400\">Va ser una experi\u00e8ncia genial! A m\u00e9s, a m\u00e9s, de compartir molt temps amb el amics i companys!\u00a0<\/span><\/p>\n<p>&nbsp;<\/p>\n<p><span style=\"font-weight: 400\">Adri\u00e0 i D\u00e0ria<\/span><\/p>\n","protected":false},"excerpt":{"rendered":"<p>Els dies 8, 9 i 10 de mar\u00e7 vam anar de col\u00f2nies, tot cicle superior, al camp d\u2019aprenentatge de Barcelona. Ens vam allotjar a l\u2019alberg Xanascat, on totes les instal\u00b7lacions estaven renovades.<br \/>\nA l\u2019arribar, vam anar a una sala que es diu \u201csala Gaud\u00ed\u201d on vam&hellip;  <a href=\"https:\/\/agora.xtec.cat\/esc-teresabergada\/blocs-de-primaria\/6e\/camp-daprenentatge-de-barcelona\/\" title=\"Read CAMP D&#8217;APRENENTATGE DE BARCELONA\">Llegeix m\u00e9s\u00bb<\/a><\/p>\n","protected":false},"author":28,"featured_media":11408,"comment_status":"open","ping_status":"closed","sticky":false,"template":"","format":"standard","meta":{"_bbp_topic_count":0,"_bbp_reply_count":0,"_bbp_total_topic_count":0,"_bbp_total_reply_count":0,"_bbp_voice_count":0,"_bbp_anonymous_reply_count":0,"_bbp_topic_count_hidden":0,"_bbp_reply_count_hidden":0,"_bbp_forum_subforum_count":0,"footnotes":""},"categories":[349,240],"tags":[],"class_list":["post-11402","post","type-post","status-publish","format-standard","has-post-thumbnail","hentry","category-5e","category-6e"],"post_mailing_queue_ids":[],"_links":{"self":[{"href":"https:\/\/agora.xtec.cat\/esc-teresabergada\/wp-json\/wp\/v2\/posts\/11402","targetHints":{"allow":["GET"]}}],"collection":[{"href":"https:\/\/agora.xtec.cat\/esc-teresabergada\/wp-json\/wp\/v2\/posts"}],"about":[{"href":"https:\/\/agora.xtec.cat\/esc-teresabergada\/wp-json\/wp\/v2\/types\/post"}],"author":[{"embeddable":true,"href":"https:\/\/agora.xtec.cat\/esc-teresabergada\/wp-json\/wp\/v2\/users\/28"}],"replies":[{"embeddable":true,"href":"https:\/\/agora.xtec.cat\/esc-teresabergada\/wp-json\/wp\/v2\/comments?post=11402"}],"version-history":[{"count":2,"href":"https:\/\/agora.xtec.cat\/esc-teresabergada\/wp-json\/wp\/v2\/posts\/11402\/revisions"}],"predecessor-version":[{"id":11410,"href":"https:\/\/agora.xtec.cat\/esc-teresabergada\/wp-json\/wp\/v2\/posts\/11402\/revisions\/11410"}],"wp:featuredmedia":[{"embeddable":true,"href":"https:\/\/agora.xtec.cat\/esc-teresabergada\/wp-json\/wp\/v2\/media\/11408"}],"wp:attachment":[{"href":"https:\/\/agora.xtec.cat\/esc-teresabergada\/wp-json\/wp\/v2\/media?parent=11402"}],"wp:term":[{"taxonomy":"category","embeddable":true,"href":"https:\/\/agora.xtec.cat\/esc-teresabergada\/wp-json\/wp\/v2\/categories?post=11402"},{"taxonomy":"post_tag","embeddable":true,"href":"https:\/\/agora.xtec.cat\/esc-teresabergada\/wp-json\/wp\/v2\/tags?post=11402"}],"curies":[{"name":"wp","href":"https:\/\/api.w.org\/{rel}","templated":true}]}}