{"id":11384,"date":"2023-03-06T13:20:23","date_gmt":"2023-03-06T12:20:23","guid":{"rendered":"https:\/\/agora.xtec.cat\/esc-teresabergada\/?p=11384"},"modified":"2023-07-24T09:06:01","modified_gmt":"2023-07-24T07:06:01","slug":"preinscripcio-2023-2024","status":"publish","type":"post","link":"https:\/\/agora.xtec.cat\/esc-teresabergada\/general\/preinscripcio-2023-2024\/","title":{"rendered":"PREINSCRIPCI\u00d3 2023-2024"},"content":{"rendered":"<p><a href=\"https:\/\/agora.xtec.cat\/esc-teresabergada\/wp-content\/uploads\/usu1533\/2023\/03\/imatge-impacte1900x372.jpg\"><img loading=\"lazy\" decoding=\"async\" class=\"aligncenter size-large wp-image-11386\" src=\"https:\/\/agora.xtec.cat\/esc-teresabergada\/wp-content\/uploads\/usu1533\/2023\/03\/imatge-impacte1900x372-1024x200.jpg\" alt=\"\" width=\"1024\" height=\"200\" srcset=\"https:\/\/agora.xtec.cat\/esc-teresabergada\/wp-content\/uploads\/usu1533\/2023\/03\/imatge-impacte1900x372-1024x200.jpg 1024w, https:\/\/agora.xtec.cat\/esc-teresabergada\/wp-content\/uploads\/usu1533\/2023\/03\/imatge-impacte1900x372-300x59.jpg 300w, https:\/\/agora.xtec.cat\/esc-teresabergada\/wp-content\/uploads\/usu1533\/2023\/03\/imatge-impacte1900x372-768x150.jpg 768w, https:\/\/agora.xtec.cat\/esc-teresabergada\/wp-content\/uploads\/usu1533\/2023\/03\/imatge-impacte1900x372-1536x301.jpg 1536w, https:\/\/agora.xtec.cat\/esc-teresabergada\/wp-content\/uploads\/usu1533\/2023\/03\/imatge-impacte1900x372.jpg 1900w\" sizes=\"auto, (max-width: 1024px) 100vw, 1024px\" \/><\/a><\/p>\n<p><strong>Preinscripci\u00f3 per nens i nenes nascuts l\u2019any 2020 i anteriors. L\u2019alumnat que ja est\u00e0 matriculat al centre no cal fer preinscripci\u00f3.<\/strong><\/p>\n<h5><span style=\"color: #ff9900;\"><strong>Calendari per a la preinscripci\u00f3 del curs 2023-2024<\/strong><\/span><\/h5>\n<div>\n<ul>\n<li style=\"list-style-type: none;\">\n<ul>\n<li>Oferta inicial de places escolars: 3 de mar\u00e7 de 2022<\/li>\n<li><strong>Presentaci\u00f3 i\/o modificaci\u00f3 de sol\u00b7licituds \u200bEducaci\u00f3 infantil de segon cicle i educaci\u00f3 prim\u00e0ria<\/strong>: del 6 al 20 de mar\u00e7 de 2023<\/li>\n<li>Presentaci\u00f3 de documentaci\u00f3: 21 i 22 de mar\u00e7 2022<\/li>\n<li>Llista de sol\u00b7licituds amb la puntuaci\u00f3 provisional: 21 d\u2019abril de 2023<\/li>\n<li>Presentaci\u00f3 de reclamacions: del 21 al 27 d\u2019abril de 2023<\/li>\n<li>Llista de sol\u00b7licituds amb la puntuaci\u00f3 un cop resoltes les reclamacions: 3 de maig de 2023<\/li>\n<li>Sorteig per resoldre les sol\u00b7licituds de preinscripci\u00f3 empatades en punts: 9 de maig de 2023<\/li>\n<li>Llista ordenada definitiva: 11 de maig de 2023<\/li>\n<li>Ampliaci\u00f3 de petici\u00f3 de centres per a les sol\u00b7licituds que no han obtingut cap assignaci\u00f3: del 29 de maig a l\u20191 de juny de 2023<\/li>\n<li>Oferta final de places escolars: 9 de juny de 2023<\/li>\n<li>Llista d\u2019alumnes admesos i llista d\u2019espera: 12 de juny de 2022<\/li>\n<\/ul>\n<\/li>\n<\/ul>\n<ul>\n<li><strong>Per\u00edode de matriculaci\u00f3: del 20 al 28 de juny<\/strong><\/li>\n<\/ul>\n<p><a href=\"https:\/\/youtu.be\/xwo2A2U-g30\" target=\"_blank\" rel=\"noopener noreferrer\"><strong>Guia sobre la preinscripci\u00f3.<\/strong><\/a><\/p>\n<p>Enlla\u00e7 a la web de la\u00a0<strong><a href=\"https:\/\/preinscripcio.gencat.cat\/ca\/inici\/\" target=\"_blank\" rel=\"noopener\">Generalitat<\/a>\u00a0<\/strong>amb not\u00edcies referents al proc\u00e9s de\u00a0<strong>preinscripci\u00f3 i matr\u00edcula.<\/strong><\/p>\n<p>Per ajudar-te, el Departament d\u2019Educaci\u00f3, ha creat aquestes <a href=\"https:\/\/preinscripcio.gencat.cat\/ca\/estudis\/infantil-3-6\/ajuda\/pindoles-multimedia\/\">p\u00edndoles multim\u00e8dia<\/a>, amb v\u00eddeos que et serviran per aclarir dubtes en els moments clau del proc\u00e9s.<\/p>\n<\/div>\n<p>&nbsp;<\/p>\n<h5><span style=\"color: #ff9900;\"><strong>Publicaci\u00f3 de l\u2019oferta inicial de places\u00a0<\/strong>a 03\/03\/2023<\/span><\/h5>\n<p><a href=\"https:\/\/agora.xtec.cat\/esc-teresabergada\/wp-content\/uploads\/usu1533\/2023\/03\/Publicacio-oferta-de-places.jpg\"><img loading=\"lazy\" decoding=\"async\" class=\"aligncenter size-full wp-image-11387\" src=\"https:\/\/agora.xtec.cat\/esc-teresabergada\/wp-content\/uploads\/usu1533\/2023\/03\/Publicacio-oferta-de-places.jpg\" alt=\"\" width=\"668\" height=\"469\" srcset=\"https:\/\/agora.xtec.cat\/esc-teresabergada\/wp-content\/uploads\/usu1533\/2023\/03\/Publicacio-oferta-de-places.jpg 668w, https:\/\/agora.xtec.cat\/esc-teresabergada\/wp-content\/uploads\/usu1533\/2023\/03\/Publicacio-oferta-de-places-300x211.jpg 300w\" sizes=\"auto, (max-width: 668px) 100vw, 668px\" \/><\/a><\/p>\n<p>&nbsp;<\/p>\n","protected":false},"excerpt":{"rendered":"<p><a href=\"https:\/\/agora.xtec.cat\/esc-teresabergada\/wp-content\/uploads\/usu1533\/2023\/03\/imatge-impacte1900x372.jpg\"><\/a><br \/>\nPreinscripci\u00f3 per nens i nenes nascuts l\u2019any 2020 i anteriors. L\u2019alumnat que ja est\u00e0 matriculat al centre no cal fer preinscripci\u00f3.<br \/>\nCalendari per a la preinscripci\u00f3 del curs 2023-2024<\/p>\n<ul>\n<li style=\"list-style-type: none;\">\n<ul>\n<li>Oferta inicial de places escolars: 3 de mar\u00e7 de 2022<\/li>\n<li>Presentaci\u00f3 i\/o modificaci\u00f3 de sol\u00b7licituds \u200bEducaci\u00f3&hellip;  <a href=\"https:\/\/agora.xtec.cat\/esc-teresabergada\/general\/preinscripcio-2023-2024\/\" title=\"Read PREINSCRIPCI\u00d3 2023-2024\">Llegeix m\u00e9s\u00bb<\/a><br \/>\n","protected":false},"author":7,"featured_media":11386,"comment_status":"open","ping_status":"closed","sticky":false,"template":"","format":"standard","meta":{"_bbp_topic_count":0,"_bbp_reply_count":0,"_bbp_total_topic_count":0,"_bbp_total_reply_count":0,"_bbp_voice_count":0,"_bbp_anonymous_reply_count":0,"_bbp_topic_count_hidden":0,"_bbp_reply_count_hidden":0,"_bbp_forum_subforum_count":0,"footnotes":""},"categories":[1,4],"tags":[493],"class_list":["post-11384","post","type-post","status-publish","format-standard","has-post-thumbnail","hentry","category-general","category-portada","tag-preinscripcio"],"post_mailing_queue_ids":[],"_links":{"self":[{"href":"https:\/\/agora.xtec.cat\/esc-teresabergada\/wp-json\/wp\/v2\/posts\/11384","targetHints":{"allow":["GET"]}}],"collection":[{"href":"https:\/\/agora.xtec.cat\/esc-teresabergada\/wp-json\/wp\/v2\/posts"}],"about":[{"href":"https:\/\/agora.xtec.cat\/esc-teresabergada\/wp-json\/wp\/v2\/types\/post"}],"author":[{"embeddable":true,"href":"https:\/\/agora.xtec.cat\/esc-teresabergada\/wp-json\/wp\/v2\/users\/7"}],"replies":[{"embeddable":true,"href":"https:\/\/agora.xtec.cat\/esc-teresabergada\/wp-json\/wp\/v2\/comments?post=11384"}],"version-history":[{"count":3,"href":"https:\/\/agora.xtec.cat\/esc-teresabergada\/wp-json\/wp\/v2\/posts\/11384\/revisions"}],"predecessor-version":[{"id":11391,"href":"https:\/\/agora.xtec.cat\/esc-teresabergada\/wp-json\/wp\/v2\/posts\/11384\/revisions\/11391"}],"wp:featuredmedia":[{"embeddable":true,"href":"https:\/\/agora.xtec.cat\/esc-teresabergada\/wp-json\/wp\/v2\/media\/11386"}],"wp:attachment":[{"href":"https:\/\/agora.xtec.cat\/esc-teresabergada\/wp-json\/wp\/v2\/media?parent=11384"}],"wp:term":[{"taxonomy":"category","embeddable":true,"href":"https:\/\/agora.xtec.cat\/esc-teresabergada\/wp-json\/wp\/v2\/categories?post=11384"},{"taxonomy":"post_tag","embeddable":true,"href":"https:\/\/agora.xtec.cat\/esc-teresabergada\/wp-json\/wp\/v2\/tags?post=11384"}],"curies":[{"name":"wp","href":"https:\/\/api.w.org\/{rel}","templated":true}]}}